{"id":9830,"date":"2024-08-31T14:59:59","date_gmt":"2024-08-31T17:59:59","guid":{"rendered":"https:\/\/hablemosclarotdf.com.ar\/?p=9830"},"modified":"2024-08-31T14:59:59","modified_gmt":"2024-08-31T17:59:59","slug":"rio-grande-condolencias-7","status":"publish","type":"post","link":"https:\/\/hablemosclarotdf.com.ar\/?p=9830","title":{"rendered":"RIO GRANDE : CONDOLENCIAS"},"content":{"rendered":"<p>El intendente Mart\u00edn Perez y trabajadores municipales expresan su m\u00e1s profundo pesar por el fallecimiento de nuestro querido vecino H\u00e9ctor Ra\u00fal Moyano.<\/p>\n<p>H\u00e9ctor Ra\u00fal, adem\u00e1s de ser un ex empleado municipal muy querido y respetado, destac\u00e1ndose por su compa\u00f1erismo y compromiso; fue tambi\u00e9n veterano de guerra, h\u00e9roe de Malvinas, perteneci\u00f3 a la Armada Argentina embarcado en el buque de desembarco ARA Cabo San Antonio, durante el conflicto b\u00e9lico de 1982.<\/p>\n<p>Mart\u00edn Perez y trabajadores municipales hacen llegar su acompa\u00f1amiento a familiares y seres queridos en este momento de profundo dolor, deseando que encuentren consuelo y paz.<\/p>\n","protected":false},"excerpt":{"rendered":"<p>El intendente Mart\u00edn Perez y trabajadores municipales expresan su m\u00e1s profundo pesar por el fallecimiento&#8230;<\/p>\n","protected":false},"author":1,"featured_media":9831,"comment_status":"closed","ping_status":"closed","sticky":false,"template":"","format":"standard","meta":{"footnotes":""},"categories":[3],"tags":[],"class_list":["post-9830","post","type-post","status-publish","format-standard","has-post-thumbnail","hentry","category-noticias"],"jetpack_featured_media_url":"https:\/\/hablemosclarotdf.com.ar\/wp-content\/uploads\/2024\/08\/download-1.jpg","_links":{"self":[{"href":"https:\/\/hablemosclarotdf.com.ar\/index.php?rest_route=\/wp\/v2\/posts\/9830","targetHints":{"allow":["GET"]}}],"collection":[{"href":"https:\/\/hablemosclarotdf.com.ar\/index.php?rest_route=\/wp\/v2\/posts"}],"about":[{"href":"https:\/\/hablemosclarotdf.com.ar\/index.php?rest_route=\/wp\/v2\/types\/post"}],"author":[{"embeddable":true,"href":"https:\/\/hablemosclarotdf.com.ar\/index.php?rest_route=\/wp\/v2\/users\/1"}],"replies":[{"embeddable":true,"href":"https:\/\/hablemosclarotdf.com.ar\/index.php?rest_route=%2Fwp%2Fv2%2Fcomments&post=9830"}],"version-history":[{"count":1,"href":"https:\/\/hablemosclarotdf.com.ar\/index.php?rest_route=\/wp\/v2\/posts\/9830\/revisions"}],"predecessor-version":[{"id":9832,"href":"https:\/\/hablemosclarotdf.com.ar\/index.php?rest_route=\/wp\/v2\/posts\/9830\/revisions\/9832"}],"wp:featuredmedia":[{"embeddable":true,"href":"https:\/\/hablemosclarotdf.com.ar\/index.php?rest_route=\/wp\/v2\/media\/9831"}],"wp:attachment":[{"href":"https:\/\/hablemosclarotdf.com.ar\/index.php?rest_route=%2Fwp%2Fv2%2Fmedia&parent=9830"}],"wp:term":[{"taxonomy":"category","embeddable":true,"href":"https:\/\/hablemosclarotdf.com.ar\/index.php?rest_route=%2Fwp%2Fv2%2Fcategories&post=9830"},{"taxonomy":"post_tag","embeddable":true,"href":"https:\/\/hablemosclarotdf.com.ar\/index.php?rest_route=%2Fwp%2Fv2%2Ftags&post=9830"}],"curies":[{"name":"wp","href":"https:\/\/api.w.org\/{rel}","templated":true}]}}