{"id":9826,"date":"2024-08-31T14:06:26","date_gmt":"2024-08-31T17:06:26","guid":{"rendered":"https:\/\/hablemosclarotdf.com.ar\/?p=9826"},"modified":"2024-08-31T14:06:26","modified_gmt":"2024-08-31T17:06:26","slug":"rio-grande-cuida-y-prioriza-a-las-personas-mayores-sumate-a-las-actividades","status":"publish","type":"post","link":"https:\/\/hablemosclarotdf.com.ar\/?p=9826","title":{"rendered":"R\u00cdO GRANDE CUIDA Y PRIORIZA A LAS PERSONAS MAYORES: \u00a1SUMATE A LAS ACTIVIDADES!"},"content":{"rendered":"<p>El Municipio -a trav\u00e9s de la Secretar\u00eda de G\u00e9nero y Desarrollo Comunitario- contin\u00faa generando espacios de recreaci\u00f3n e intercambio para adultos y adultas mayores, contribuyendo a su participaci\u00f3n e integraci\u00f3n con la comunidad. A trav\u00e9s de distintas propuestas, cientos de personas mayores de R\u00edo Grande comparten momentos de encuentro, aprendizaje y recreaci\u00f3n, fortaleciendo as\u00ed su bienestar en esta etapa tan importante de sus vidas.<\/p>\n<p>En esa l\u00ednea, a trav\u00e9s de la Direcci\u00f3n General para el Bienestar de las Personas Adultas Mayores, se lleva adelante el Programa Municipal \u201cBien Activos\u201d, con propuestas que ponen \u00e9nfasis en el cuidado f\u00edsico y emocional de las personas mayores, como as\u00ed tambi\u00e9n en su vinculaci\u00f3n con pares y sus familias.<\/p>\n<p>Todos los d\u00edas, se llevan adelante diversos talleres, los cuales van desde clases de gimnasia de bajo impacto, zumba, juegos de mesa, yoga, reciclado; hasta tango fit, folclore, coro, dibujo, belleza de pies, pilates, telar, porcelana y el Taller de la Memoria.<\/p>\n<p>Cabe destacar que, semanalmente, alrededor de 700 adultos y adultas mayores transitan por la Direcci\u00f3n General para el Bienestar de las Personas Adultas Mayores y comparten momentos de calidad, fortaleciendo juntos su salud y autonom\u00eda.<\/p>\n<p>Aquellas personas mayores de 60 a\u00f1os que quieran conocer las actividades y sumarse a ellas, deben acercarse de lunes a viernes a Av. San Mart\u00edn 678 o comunicarse al 2964-405699, de 9 a 16 horas.<\/p>\n<p>El Municipio, a trav\u00e9s de la Secretar\u00eda de G\u00e9nero y Desarrollo Comunitario, reafirma su compromiso permanente con los adultos y adultas mayores, acompa\u00f1\u00e1ndolos desde lo social, el esparcimiento y la salud; brindando m\u00e1s servicios para que se sientan protegidos en la ciudad que eligieron para vivir.<\/p>\n<p><img loading=\"lazy\" decoding=\"async\" class=\"alignnone size-medium wp-image-9828\" src=\"https:\/\/hablemosclarotdf.com.ar\/wp-content\/uploads\/2024\/08\/photo_2024-08-31_14-05-33-300x200.jpg\" alt=\"\" width=\"300\" height=\"200\" srcset=\"https:\/\/hablemosclarotdf.com.ar\/wp-content\/uploads\/2024\/08\/photo_2024-08-31_14-05-33-300x200.jpg 300w, https:\/\/hablemosclarotdf.com.ar\/wp-content\/uploads\/2024\/08\/photo_2024-08-31_14-05-33-1024x682.jpg 1024w, https:\/\/hablemosclarotdf.com.ar\/wp-content\/uploads\/2024\/08\/photo_2024-08-31_14-05-33-768x511.jpg 768w, https:\/\/hablemosclarotdf.com.ar\/wp-content\/uploads\/2024\/08\/photo_2024-08-31_14-05-33.jpg 1280w\" sizes=\"auto, (max-width: 300px) 100vw, 300px\" \/><\/p>\n","protected":false},"excerpt":{"rendered":"<p>El Municipio -a trav\u00e9s de la Secretar\u00eda de G\u00e9nero y Desarrollo Comunitario- contin\u00faa generando espacios&#8230;<\/p>\n","protected":false},"author":1,"featured_media":9827,"comment_status":"closed","ping_status":"closed","sticky":false,"template":"","format":"standard","meta":{"footnotes":""},"categories":[3],"tags":[],"class_list":["post-9826","post","type-post","status-publish","format-standard","has-post-thumbnail","hentry","category-noticias"],"jetpack_featured_media_url":"https:\/\/hablemosclarotdf.com.ar\/wp-content\/uploads\/2024\/08\/photo_2024-08-31_14-05-30.jpg","_links":{"self":[{"href":"https:\/\/hablemosclarotdf.com.ar\/index.php?rest_route=\/wp\/v2\/posts\/9826","targetHints":{"allow":["GET"]}}],"collection":[{"href":"https:\/\/hablemosclarotdf.com.ar\/index.php?rest_route=\/wp\/v2\/posts"}],"about":[{"href":"https:\/\/hablemosclarotdf.com.ar\/index.php?rest_route=\/wp\/v2\/types\/post"}],"author":[{"embeddable":true,"href":"https:\/\/hablemosclarotdf.com.ar\/index.php?rest_route=\/wp\/v2\/users\/1"}],"replies":[{"embeddable":true,"href":"https:\/\/hablemosclarotdf.com.ar\/index.php?rest_route=%2Fwp%2Fv2%2Fcomments&post=9826"}],"version-history":[{"count":1,"href":"https:\/\/hablemosclarotdf.com.ar\/index.php?rest_route=\/wp\/v2\/posts\/9826\/revisions"}],"predecessor-version":[{"id":9829,"href":"https:\/\/hablemosclarotdf.com.ar\/index.php?rest_route=\/wp\/v2\/posts\/9826\/revisions\/9829"}],"wp:featuredmedia":[{"embeddable":true,"href":"https:\/\/hablemosclarotdf.com.ar\/index.php?rest_route=\/wp\/v2\/media\/9827"}],"wp:attachment":[{"href":"https:\/\/hablemosclarotdf.com.ar\/index.php?rest_route=%2Fwp%2Fv2%2Fmedia&parent=9826"}],"wp:term":[{"taxonomy":"category","embeddable":true,"href":"https:\/\/hablemosclarotdf.com.ar\/index.php?rest_route=%2Fwp%2Fv2%2Fcategories&post=9826"},{"taxonomy":"post_tag","embeddable":true,"href":"https:\/\/hablemosclarotdf.com.ar\/index.php?rest_route=%2Fwp%2Fv2%2Ftags&post=9826"}],"curies":[{"name":"wp","href":"https:\/\/api.w.org\/{rel}","templated":true}]}}