{"id":9820,"date":"2024-08-31T14:01:41","date_gmt":"2024-08-31T17:01:41","guid":{"rendered":"https:\/\/hablemosclarotdf.com.ar\/?p=9820"},"modified":"2024-08-31T14:01:41","modified_gmt":"2024-08-31T17:01:41","slug":"excelentes-resultados-fueguinos-en-la-5ta-fecha-de-levantamiento-de-pesas-en-rawson","status":"publish","type":"post","link":"https:\/\/hablemosclarotdf.com.ar\/?p=9820","title":{"rendered":"EXCELENTES RESULTADOS FUEGUINOS EN LA 5TA FECHA DE LEVANTAMIENTO DE PESAS EN RAWSON"},"content":{"rendered":"<p>Se llev\u00f3 a cabo en la ciudad chubutense de Rawson la 5ta fecha de levantamiento de pesas con participantes de todas las provincias de la Patagonia en las dos ramas -femenina y masculina- desde Sub 12 hasta adultos.<\/p>\n<p>En el encuentro participaron 91 pesistas de todas las provincias patag\u00f3nicas y Tierra del Fuego logr\u00f3 el segundo puesto en equipo masculino y el mismo lugar en equipo femenino.<\/p>\n<p>Estos son los resultados obtenidos por los atletas fueguinos que llegaron a \u00e9sta competencia a trav\u00e9s de la Secretar\u00eda de Deportes de la provincia:<\/p>\n<p>&#8211; Sub 15 fem<br \/>\nMedalla de Bronce: Priscila Ceballos &#8211; CePAR TOL<br \/>\n&#8211; Sub 15 masc<br \/>\nMedalla de Oro: Fabrizio Arguello &#8211; CePAR RGA<br \/>\n&#8211; Sub 17 fem<br \/>\nMedalla de Oro: Malena Roche &#8211; CePAR RGA<br \/>\n&#8211; Sub 17 fem (-71kg)<br \/>\nMedalla de Oro: Sophia Alen<br \/>\n&#8211; Sub 17 masc (-89kg)<br \/>\nMedalla de Bronce: Lorenzo Araujo &#8211; CePAR RGA<br \/>\n&#8211; Sub 17 masc<br \/>\nMedalla de Oro: Octavio Sosa &#8211; CePAR RGA<br \/>\n&#8211; Sub 20 masc (-89kg)<br \/>\nMedalla de Oro: Mateo Canuman &#8211; CePAR RGA<br \/>\n&#8211; Sub 20 masc (-81kg)<br \/>\nMedalla de Oro: Uriel Pe\u00f1a &#8211; CePAR RGA<br \/>\n&#8211; Sub 20 masc<br \/>\nMedalla de Plata: Jon\u00e1s Moyano &#8211; CePAR TOL<br \/>\n&#8211; Sub 20 fem<br \/>\nMedalla de Bronce: Evelin Aquino &#8211; CePAR TOL<br \/>\n4\u00ba Agostina Tauriani &#8211; Sub 15 fem &#8211; CePAR RGA<br \/>\n4\u00ba Pia Acosta &#8211; Sub 17 fem &#8211; CePAR RGA<br \/>\nVictoria Ybars &#8211; Sub 17 &#8211; CePAR RGA (no finaliz\u00f3 por lesi\u00f3n)<\/p>\n<p><img loading=\"lazy\" decoding=\"async\" class=\"alignnone size-medium wp-image-9822\" src=\"https:\/\/hablemosclarotdf.com.ar\/wp-content\/uploads\/2024\/08\/photo_2024-08-31_14-00-25-300x200.jpg\" alt=\"\" width=\"300\" height=\"200\" srcset=\"https:\/\/hablemosclarotdf.com.ar\/wp-content\/uploads\/2024\/08\/photo_2024-08-31_14-00-25-300x200.jpg 300w, https:\/\/hablemosclarotdf.com.ar\/wp-content\/uploads\/2024\/08\/photo_2024-08-31_14-00-25-1024x682.jpg 1024w, https:\/\/hablemosclarotdf.com.ar\/wp-content\/uploads\/2024\/08\/photo_2024-08-31_14-00-25-768x512.jpg 768w, https:\/\/hablemosclarotdf.com.ar\/wp-content\/uploads\/2024\/08\/photo_2024-08-31_14-00-25.jpg 1280w\" sizes=\"auto, (max-width: 300px) 100vw, 300px\" \/> <img loading=\"lazy\" decoding=\"async\" class=\"alignnone size-medium wp-image-9823\" src=\"https:\/\/hablemosclarotdf.com.ar\/wp-content\/uploads\/2024\/08\/photo_2024-08-31_14-00-29-300x200.jpg\" alt=\"\" width=\"300\" height=\"200\" srcset=\"https:\/\/hablemosclarotdf.com.ar\/wp-content\/uploads\/2024\/08\/photo_2024-08-31_14-00-29-300x200.jpg 300w, https:\/\/hablemosclarotdf.com.ar\/wp-content\/uploads\/2024\/08\/photo_2024-08-31_14-00-29-1024x682.jpg 1024w, https:\/\/hablemosclarotdf.com.ar\/wp-content\/uploads\/2024\/08\/photo_2024-08-31_14-00-29-768x511.jpg 768w, https:\/\/hablemosclarotdf.com.ar\/wp-content\/uploads\/2024\/08\/photo_2024-08-31_14-00-29.jpg 1280w\" sizes=\"auto, (max-width: 300px) 100vw, 300px\" \/> <img loading=\"lazy\" decoding=\"async\" class=\"alignnone size-medium wp-image-9824\" src=\"https:\/\/hablemosclarotdf.com.ar\/wp-content\/uploads\/2024\/08\/photo_2024-08-31_14-00-33-300x200.jpg\" alt=\"\" width=\"300\" height=\"200\" srcset=\"https:\/\/hablemosclarotdf.com.ar\/wp-content\/uploads\/2024\/08\/photo_2024-08-31_14-00-33-300x200.jpg 300w, https:\/\/hablemosclarotdf.com.ar\/wp-content\/uploads\/2024\/08\/photo_2024-08-31_14-00-33-1024x683.jpg 1024w, https:\/\/hablemosclarotdf.com.ar\/wp-content\/uploads\/2024\/08\/photo_2024-08-31_14-00-33-768x512.jpg 768w, https:\/\/hablemosclarotdf.com.ar\/wp-content\/uploads\/2024\/08\/photo_2024-08-31_14-00-33.jpg 1280w\" sizes=\"auto, (max-width: 300px) 100vw, 300px\" \/><\/p>\n","protected":false},"excerpt":{"rendered":"<p>Se llev\u00f3 a cabo en la ciudad chubutense de Rawson la 5ta fecha de levantamiento&#8230;<\/p>\n","protected":false},"author":1,"featured_media":9821,"comment_status":"closed","ping_status":"closed","sticky":false,"template":"","format":"standard","meta":{"footnotes":""},"categories":[3],"tags":[],"class_list":["post-9820","post","type-post","status-publish","format-standard","has-post-thumbnail","hentry","category-noticias"],"jetpack_featured_media_url":"https:\/\/hablemosclarotdf.com.ar\/wp-content\/uploads\/2024\/08\/photo_2024-08-31_14-00-17.jpg","_links":{"self":[{"href":"https:\/\/hablemosclarotdf.com.ar\/index.php?rest_route=\/wp\/v2\/posts\/9820","targetHints":{"allow":["GET"]}}],"collection":[{"href":"https:\/\/hablemosclarotdf.com.ar\/index.php?rest_route=\/wp\/v2\/posts"}],"about":[{"href":"https:\/\/hablemosclarotdf.com.ar\/index.php?rest_route=\/wp\/v2\/types\/post"}],"author":[{"embeddable":true,"href":"https:\/\/hablemosclarotdf.com.ar\/index.php?rest_route=\/wp\/v2\/users\/1"}],"replies":[{"embeddable":true,"href":"https:\/\/hablemosclarotdf.com.ar\/index.php?rest_route=%2Fwp%2Fv2%2Fcomments&post=9820"}],"version-history":[{"count":1,"href":"https:\/\/hablemosclarotdf.com.ar\/index.php?rest_route=\/wp\/v2\/posts\/9820\/revisions"}],"predecessor-version":[{"id":9825,"href":"https:\/\/hablemosclarotdf.com.ar\/index.php?rest_route=\/wp\/v2\/posts\/9820\/revisions\/9825"}],"wp:featuredmedia":[{"embeddable":true,"href":"https:\/\/hablemosclarotdf.com.ar\/index.php?rest_route=\/wp\/v2\/media\/9821"}],"wp:attachment":[{"href":"https:\/\/hablemosclarotdf.com.ar\/index.php?rest_route=%2Fwp%2Fv2%2Fmedia&parent=9820"}],"wp:term":[{"taxonomy":"category","embeddable":true,"href":"https:\/\/hablemosclarotdf.com.ar\/index.php?rest_route=%2Fwp%2Fv2%2Fcategories&post=9820"},{"taxonomy":"post_tag","embeddable":true,"href":"https:\/\/hablemosclarotdf.com.ar\/index.php?rest_route=%2Fwp%2Fv2%2Ftags&post=9820"}],"curies":[{"name":"wp","href":"https:\/\/api.w.org\/{rel}","templated":true}]}}