{"id":9817,"date":"2024-08-31T12:46:26","date_gmt":"2024-08-31T15:46:26","guid":{"rendered":"https:\/\/hablemosclarotdf.com.ar\/?p=9817"},"modified":"2024-08-31T12:46:26","modified_gmt":"2024-08-31T15:46:26","slug":"el-voley-fueguino-compitio-en-santa-cruz","status":"publish","type":"post","link":"https:\/\/hablemosclarotdf.com.ar\/?p=9817","title":{"rendered":"EL V\u00d3LEY FUEGUINO COMPITI\u00d3 EN SANTA CRUZ"},"content":{"rendered":"<p>En la ciudad de R\u00edo Gallegos, Santa Cruz, se disput\u00f3 un Torneo Cuadrangular de V\u00f3ley para Selecciones U15 que cont\u00f3 con la presencia de los seleccionados femeninos y masculinos de Tierra del Fuego.<\/p>\n<p>Adem\u00e1s de los y las fueguinas que llegaron a la competencia de la mano de la Secretar\u00eda de Deportes de la provincia, participaron los seleccionados de Chubut y Santa Cruz, y los equipos de Boca de Rio Gallegos que participaron como invitados.<\/p>\n<p>En ambas ramas los seleccionados a cargo de los profesores Joaqu\u00edn Romero y Rodrigo G\u00f3mez Varela finalizaron en el tercer puesto.<\/p>\n","protected":false},"excerpt":{"rendered":"<p>En la ciudad de R\u00edo Gallegos, Santa Cruz, se disput\u00f3 un Torneo Cuadrangular de V\u00f3ley&#8230;<\/p>\n","protected":false},"author":1,"featured_media":9818,"comment_status":"closed","ping_status":"closed","sticky":false,"template":"","format":"standard","meta":{"footnotes":""},"categories":[3],"tags":[],"class_list":["post-9817","post","type-post","status-publish","format-standard","has-post-thumbnail","hentry","category-noticias"],"jetpack_featured_media_url":"https:\/\/hablemosclarotdf.com.ar\/wp-content\/uploads\/2024\/08\/photo_2024-08-31_12-46-04.jpg","_links":{"self":[{"href":"https:\/\/hablemosclarotdf.com.ar\/index.php?rest_route=\/wp\/v2\/posts\/9817","targetHints":{"allow":["GET"]}}],"collection":[{"href":"https:\/\/hablemosclarotdf.com.ar\/index.php?rest_route=\/wp\/v2\/posts"}],"about":[{"href":"https:\/\/hablemosclarotdf.com.ar\/index.php?rest_route=\/wp\/v2\/types\/post"}],"author":[{"embeddable":true,"href":"https:\/\/hablemosclarotdf.com.ar\/index.php?rest_route=\/wp\/v2\/users\/1"}],"replies":[{"embeddable":true,"href":"https:\/\/hablemosclarotdf.com.ar\/index.php?rest_route=%2Fwp%2Fv2%2Fcomments&post=9817"}],"version-history":[{"count":1,"href":"https:\/\/hablemosclarotdf.com.ar\/index.php?rest_route=\/wp\/v2\/posts\/9817\/revisions"}],"predecessor-version":[{"id":9819,"href":"https:\/\/hablemosclarotdf.com.ar\/index.php?rest_route=\/wp\/v2\/posts\/9817\/revisions\/9819"}],"wp:featuredmedia":[{"embeddable":true,"href":"https:\/\/hablemosclarotdf.com.ar\/index.php?rest_route=\/wp\/v2\/media\/9818"}],"wp:attachment":[{"href":"https:\/\/hablemosclarotdf.com.ar\/index.php?rest_route=%2Fwp%2Fv2%2Fmedia&parent=9817"}],"wp:term":[{"taxonomy":"category","embeddable":true,"href":"https:\/\/hablemosclarotdf.com.ar\/index.php?rest_route=%2Fwp%2Fv2%2Fcategories&post=9817"},{"taxonomy":"post_tag","embeddable":true,"href":"https:\/\/hablemosclarotdf.com.ar\/index.php?rest_route=%2Fwp%2Fv2%2Ftags&post=9817"}],"curies":[{"name":"wp","href":"https:\/\/api.w.org\/{rel}","templated":true}]}}