{"id":9810,"date":"2024-08-31T12:39:03","date_gmt":"2024-08-31T15:39:03","guid":{"rendered":"https:\/\/hablemosclarotdf.com.ar\/?p=9810"},"modified":"2024-08-31T12:39:03","modified_gmt":"2024-08-31T15:39:03","slug":"rio-grande-septiembre-llega-con-nuevos-encuentros-para-fomentar-estilos-de-vida-saludables","status":"publish","type":"post","link":"https:\/\/hablemosclarotdf.com.ar\/?p=9810","title":{"rendered":"RIO GRANDE : SEPTIEMBRE LLEGA CON NUEVOS ENCUENTROS PARA FOMENTAR ESTILOS DE VIDA SALUDABLES"},"content":{"rendered":"<p>Se desarrollar\u00e1n todos los martes de septiembre en el Centro Municipal de Desarrollo Comunitario (Rafaela Ishton 1148). Con estos encuentros, los y las riograndenses adquirir\u00e1n herramientas para construir h\u00e1bitos y llevar una vida sana.<\/p>\n<p>El Municipio de R\u00edo Grande invita a las vecinas y vecinos a sumarse a esta propuesta en la que se brindar\u00e1n consejos y herramientas para el cuidado de la salud y la generaci\u00f3n de nuevos h\u00e1bitos en la vida diaria.<\/p>\n<p>Las Secretar\u00edas de Salud y de G\u00e9nero y Desarrollo Comunitario realizar\u00e1n, todos los martes de septiembre, estos encuentros. Los mismos estar\u00e1n a cargo de profesionales sanitarios, acompa\u00f1ados por el equipo de Promotoras Territoriales de G\u00e9nero del Municipio.<\/p>\n<p>Las propuestas se desarrollar\u00e1n sin inscripci\u00f3n previa, desde las 14.30 hasta las 16 horas, en el Centro Municipal de Desarrollo Comunitario, situado en Rafaela Ishton 1148.<\/p>\n<p>El primer encuentro ser\u00e1 el martes 3 de septiembre, \u201cAprender jugando\u201d donde se brindar\u00e1n herramientas para padres de ni\u00f1os y ni\u00f1as de 0 a 6 a\u00f1os. El martes 10 se abordar\u00e1 sobre la nutrici\u00f3n con sus mitos y verdades. Finalmente, el martes 24 se trabajar\u00e1 sobre el eje \u201cCuidando a quienes nos cuidan\u201d.<\/p>\n<p>A trav\u00e9s de estas jornadas, el Estado Municipal suma instancias de promoci\u00f3n del bienestar integral en pos de acercar espacios de cuidado para que los y las vecinas adquieran h\u00e1bitos saludables en su vida diaria.<\/p>\n","protected":false},"excerpt":{"rendered":"<p>Se desarrollar\u00e1n todos los martes de septiembre en el Centro Municipal de Desarrollo Comunitario (Rafaela&#8230;<\/p>\n","protected":false},"author":1,"featured_media":9811,"comment_status":"closed","ping_status":"closed","sticky":false,"template":"","format":"standard","meta":{"footnotes":""},"categories":[3],"tags":[],"class_list":["post-9810","post","type-post","status-publish","format-standard","has-post-thumbnail","hentry","category-noticias"],"jetpack_featured_media_url":"https:\/\/hablemosclarotdf.com.ar\/wp-content\/uploads\/2024\/08\/photo_2024-08-31_12-38-35.jpg","_links":{"self":[{"href":"https:\/\/hablemosclarotdf.com.ar\/index.php?rest_route=\/wp\/v2\/posts\/9810","targetHints":{"allow":["GET"]}}],"collection":[{"href":"https:\/\/hablemosclarotdf.com.ar\/index.php?rest_route=\/wp\/v2\/posts"}],"about":[{"href":"https:\/\/hablemosclarotdf.com.ar\/index.php?rest_route=\/wp\/v2\/types\/post"}],"author":[{"embeddable":true,"href":"https:\/\/hablemosclarotdf.com.ar\/index.php?rest_route=\/wp\/v2\/users\/1"}],"replies":[{"embeddable":true,"href":"https:\/\/hablemosclarotdf.com.ar\/index.php?rest_route=%2Fwp%2Fv2%2Fcomments&post=9810"}],"version-history":[{"count":1,"href":"https:\/\/hablemosclarotdf.com.ar\/index.php?rest_route=\/wp\/v2\/posts\/9810\/revisions"}],"predecessor-version":[{"id":9812,"href":"https:\/\/hablemosclarotdf.com.ar\/index.php?rest_route=\/wp\/v2\/posts\/9810\/revisions\/9812"}],"wp:featuredmedia":[{"embeddable":true,"href":"https:\/\/hablemosclarotdf.com.ar\/index.php?rest_route=\/wp\/v2\/media\/9811"}],"wp:attachment":[{"href":"https:\/\/hablemosclarotdf.com.ar\/index.php?rest_route=%2Fwp%2Fv2%2Fmedia&parent=9810"}],"wp:term":[{"taxonomy":"category","embeddable":true,"href":"https:\/\/hablemosclarotdf.com.ar\/index.php?rest_route=%2Fwp%2Fv2%2Fcategories&post=9810"},{"taxonomy":"post_tag","embeddable":true,"href":"https:\/\/hablemosclarotdf.com.ar\/index.php?rest_route=%2Fwp%2Fv2%2Ftags&post=9810"}],"curies":[{"name":"wp","href":"https:\/\/api.w.org\/{rel}","templated":true}]}}