{"id":9805,"date":"2024-08-31T12:33:39","date_gmt":"2024-08-31T15:33:39","guid":{"rendered":"https:\/\/hablemosclarotdf.com.ar\/?p=9805"},"modified":"2024-08-31T12:33:39","modified_gmt":"2024-08-31T15:33:39","slug":"ushuaia-la-secretaria-de-asuntos-de-malvinas-de-ushuaia-recibio-un-proyecto-de-la-docente-romina-birari","status":"publish","type":"post","link":"https:\/\/hablemosclarotdf.com.ar\/?p=9805","title":{"rendered":"USHUAIA : LA SECRETAR\u00cdA DE ASUNTOS DE MALVINAS DE USHUAIA RECIBI\u00d3 UN PROYECTO DE LA DOCENTE ROMINA BIRARI"},"content":{"rendered":"<p>En el espacio \u2018Pensar Malvinas\u2019 de la Municipalidad de Ushuaia, el secretario de Asuntos Malvinas Dante Asili, junto al coordinador Daniel Arias recibieron, de manos de la docente Romina Birari, un proyecto para la capacitaci\u00f3n a docentes, bibliotecarios y responsables de espacios culturales sobre la causa y cuesti\u00f3n Malvinas.<\/p>\n<p>Asili agradeci\u00f3 a la docente por su activa colaboraci\u00f3n con la Secretar\u00eda durante varios a\u00f1os a trav\u00e9s de propuestas. \u201cCreemos que es muy importante llevar a cabo una capacitaci\u00f3n como esta, porque son los docentes el primer escal\u00f3n en la visibilizaci\u00f3n de la causa y cuesti\u00f3n Malvinas\u201d, expres\u00f3 tras el encuentro del que particip\u00f3 tambi\u00e9n la directora general de Gesti\u00f3n Cultural, Ayel\u00e9n Janin, en representaci\u00f3n de la Secretar\u00eda de Cultura y Educaci\u00f3n.<\/p>\n<p>\u201cContinuamos la l\u00ednea de trabajo de la gesti\u00f3n del Intendente Walter Vuoto en cuanto a la visibilizaci\u00f3n y difusi\u00f3n de la Causa y Cuesti\u00f3n Malvinas, y nuestros ni\u00f1os, ni\u00f1as y adolescentes, son el futuro de nuestra ciudad y nuestro pa\u00eds\u201d, agreg\u00f3 el Secretario municipal.<\/p>\n<p>\u201cSeguimos trabajando conjuntamente con Romina Birari, una docente profundamente comprometida con la Causa Malvinas.\u201d<\/p>\n<p><img loading=\"lazy\" decoding=\"async\" class=\"alignnone size-medium wp-image-9807\" src=\"https:\/\/hablemosclarotdf.com.ar\/wp-content\/uploads\/2024\/08\/photo_2024-08-31_12-31-57-300x200.jpg\" alt=\"\" width=\"300\" height=\"200\" srcset=\"https:\/\/hablemosclarotdf.com.ar\/wp-content\/uploads\/2024\/08\/photo_2024-08-31_12-31-57-300x200.jpg 300w, https:\/\/hablemosclarotdf.com.ar\/wp-content\/uploads\/2024\/08\/photo_2024-08-31_12-31-57-1024x683.jpg 1024w, https:\/\/hablemosclarotdf.com.ar\/wp-content\/uploads\/2024\/08\/photo_2024-08-31_12-31-57-768x512.jpg 768w, https:\/\/hablemosclarotdf.com.ar\/wp-content\/uploads\/2024\/08\/photo_2024-08-31_12-31-57.jpg 1280w\" sizes=\"auto, (max-width: 300px) 100vw, 300px\" \/> <img loading=\"lazy\" decoding=\"async\" class=\"alignnone size-medium wp-image-9808\" src=\"https:\/\/hablemosclarotdf.com.ar\/wp-content\/uploads\/2024\/08\/photo_2024-08-31_12-32-02-300x200.jpg\" alt=\"\" width=\"300\" height=\"200\" srcset=\"https:\/\/hablemosclarotdf.com.ar\/wp-content\/uploads\/2024\/08\/photo_2024-08-31_12-32-02-300x200.jpg 300w, https:\/\/hablemosclarotdf.com.ar\/wp-content\/uploads\/2024\/08\/photo_2024-08-31_12-32-02-1024x682.jpg 1024w, https:\/\/hablemosclarotdf.com.ar\/wp-content\/uploads\/2024\/08\/photo_2024-08-31_12-32-02-768x512.jpg 768w, https:\/\/hablemosclarotdf.com.ar\/wp-content\/uploads\/2024\/08\/photo_2024-08-31_12-32-02.jpg 1280w\" sizes=\"auto, (max-width: 300px) 100vw, 300px\" \/><\/p>\n","protected":false},"excerpt":{"rendered":"<p>En el espacio \u2018Pensar Malvinas\u2019 de la Municipalidad de Ushuaia, el secretario de Asuntos Malvinas&#8230;<\/p>\n","protected":false},"author":1,"featured_media":9806,"comment_status":"closed","ping_status":"closed","sticky":false,"template":"","format":"standard","meta":{"footnotes":""},"categories":[3],"tags":[],"class_list":["post-9805","post","type-post","status-publish","format-standard","has-post-thumbnail","hentry","category-noticias"],"jetpack_featured_media_url":"https:\/\/hablemosclarotdf.com.ar\/wp-content\/uploads\/2024\/08\/photo_2024-08-31_12-31-53.jpg","_links":{"self":[{"href":"https:\/\/hablemosclarotdf.com.ar\/index.php?rest_route=\/wp\/v2\/posts\/9805","targetHints":{"allow":["GET"]}}],"collection":[{"href":"https:\/\/hablemosclarotdf.com.ar\/index.php?rest_route=\/wp\/v2\/posts"}],"about":[{"href":"https:\/\/hablemosclarotdf.com.ar\/index.php?rest_route=\/wp\/v2\/types\/post"}],"author":[{"embeddable":true,"href":"https:\/\/hablemosclarotdf.com.ar\/index.php?rest_route=\/wp\/v2\/users\/1"}],"replies":[{"embeddable":true,"href":"https:\/\/hablemosclarotdf.com.ar\/index.php?rest_route=%2Fwp%2Fv2%2Fcomments&post=9805"}],"version-history":[{"count":1,"href":"https:\/\/hablemosclarotdf.com.ar\/index.php?rest_route=\/wp\/v2\/posts\/9805\/revisions"}],"predecessor-version":[{"id":9809,"href":"https:\/\/hablemosclarotdf.com.ar\/index.php?rest_route=\/wp\/v2\/posts\/9805\/revisions\/9809"}],"wp:featuredmedia":[{"embeddable":true,"href":"https:\/\/hablemosclarotdf.com.ar\/index.php?rest_route=\/wp\/v2\/media\/9806"}],"wp:attachment":[{"href":"https:\/\/hablemosclarotdf.com.ar\/index.php?rest_route=%2Fwp%2Fv2%2Fmedia&parent=9805"}],"wp:term":[{"taxonomy":"category","embeddable":true,"href":"https:\/\/hablemosclarotdf.com.ar\/index.php?rest_route=%2Fwp%2Fv2%2Fcategories&post=9805"},{"taxonomy":"post_tag","embeddable":true,"href":"https:\/\/hablemosclarotdf.com.ar\/index.php?rest_route=%2Fwp%2Fv2%2Ftags&post=9805"}],"curies":[{"name":"wp","href":"https:\/\/api.w.org\/{rel}","templated":true}]}}