{"id":9801,"date":"2024-08-31T12:30:58","date_gmt":"2024-08-31T15:30:58","guid":{"rendered":"https:\/\/hablemosclarotdf.com.ar\/?p=9801"},"modified":"2024-08-31T12:30:58","modified_gmt":"2024-08-31T15:30:58","slug":"ushuaia-el-imd-firmo-un-convenio-con-la-asociacion-civil-jueces-deportivos-de-tierra-del-fuego","status":"publish","type":"post","link":"https:\/\/hablemosclarotdf.com.ar\/?p=9801","title":{"rendered":"USHUAIA : EL IMD FIRM\u00d3 UN  CONVENIO CON LA ASOCIACI\u00d3N CIVIL JUECES DEPORTIVOS DE TIERRA DEL FUEGO"},"content":{"rendered":"<p>Curso de capacitaci\u00f3n para \u00e1rbitros de futsal<\/p>\n<p>El Instituto Municipal de Deportes de Ushuaia firm\u00f3 un convenio con la Asociaci\u00f3n Civil Jueces Deportivos de Tierra del Fuego, que permitir\u00e1 la realizaci\u00f3n del curso &#8220;Capacitaci\u00f3n de \u00c1rbitros Futsal C.A.F.S&#8221;.<br \/>\nRubricaron el acuerdo la presidenta del IMD, Liliana Gavil\u00e1n; el vicepresidente Mart\u00edn Maffioli; el presidente de la Asociaci\u00f3n y \u00e1rbitro nacional de futsal, Alejandro Ribero; y el \u00e1rbitro nacional de futsal Diego Mierez.<br \/>\nLa capacitaci\u00f3n tendr\u00e1 una duraci\u00f3n de dos meses y ser\u00e1 dictada por Ribero, Mierez, Oscar Quichapai y Daniel Jim\u00e9nez.<br \/>\nLa actividad se iniciar\u00e1 en los primeros d\u00edas de septiembre y ser\u00e1 gratuita.<br \/>\nGavil\u00e1n se\u00f1al\u00f3 que &#8220;fue una propuesta que nos acerc\u00f3 la legisladora Victoria Vuoto y nos pareci\u00f3 muy productivo poder brindar estas capacitaciones y charlas&#8221;.<br \/>\n&#8220;De esta manera ofrecemos m\u00e1s herramientas para que los torneos se desarrollen de la manera adecuada&#8221;, expres\u00f3 la funcionaria, y por \u00faltimo apunt\u00f3 que &#8220;tambi\u00e9n es una manera de brindar una salida laboral a todos aquellos que les gusta el mundo arbitral o deportivo&#8221;.<\/p>\n<p><img loading=\"lazy\" decoding=\"async\" class=\"alignnone size-medium wp-image-9803\" src=\"https:\/\/hablemosclarotdf.com.ar\/wp-content\/uploads\/2024\/08\/photo_2024-08-31_12-29-11-300x300.jpg\" alt=\"\" width=\"300\" height=\"300\" srcset=\"https:\/\/hablemosclarotdf.com.ar\/wp-content\/uploads\/2024\/08\/photo_2024-08-31_12-29-11-300x300.jpg 300w, https:\/\/hablemosclarotdf.com.ar\/wp-content\/uploads\/2024\/08\/photo_2024-08-31_12-29-11-150x150.jpg 150w, https:\/\/hablemosclarotdf.com.ar\/wp-content\/uploads\/2024\/08\/photo_2024-08-31_12-29-11.jpg 720w\" sizes=\"auto, (max-width: 300px) 100vw, 300px\" \/><\/p>\n","protected":false},"excerpt":{"rendered":"<p>Curso de capacitaci\u00f3n para \u00e1rbitros de futsal El Instituto Municipal de Deportes de Ushuaia firm\u00f3&#8230;<\/p>\n","protected":false},"author":1,"featured_media":9802,"comment_status":"closed","ping_status":"closed","sticky":false,"template":"","format":"standard","meta":{"footnotes":""},"categories":[3],"tags":[],"class_list":["post-9801","post","type-post","status-publish","format-standard","has-post-thumbnail","hentry","category-noticias"],"jetpack_featured_media_url":"https:\/\/hablemosclarotdf.com.ar\/wp-content\/uploads\/2024\/08\/photo_2024-08-31_12-29-07.jpg","_links":{"self":[{"href":"https:\/\/hablemosclarotdf.com.ar\/index.php?rest_route=\/wp\/v2\/posts\/9801","targetHints":{"allow":["GET"]}}],"collection":[{"href":"https:\/\/hablemosclarotdf.com.ar\/index.php?rest_route=\/wp\/v2\/posts"}],"about":[{"href":"https:\/\/hablemosclarotdf.com.ar\/index.php?rest_route=\/wp\/v2\/types\/post"}],"author":[{"embeddable":true,"href":"https:\/\/hablemosclarotdf.com.ar\/index.php?rest_route=\/wp\/v2\/users\/1"}],"replies":[{"embeddable":true,"href":"https:\/\/hablemosclarotdf.com.ar\/index.php?rest_route=%2Fwp%2Fv2%2Fcomments&post=9801"}],"version-history":[{"count":1,"href":"https:\/\/hablemosclarotdf.com.ar\/index.php?rest_route=\/wp\/v2\/posts\/9801\/revisions"}],"predecessor-version":[{"id":9804,"href":"https:\/\/hablemosclarotdf.com.ar\/index.php?rest_route=\/wp\/v2\/posts\/9801\/revisions\/9804"}],"wp:featuredmedia":[{"embeddable":true,"href":"https:\/\/hablemosclarotdf.com.ar\/index.php?rest_route=\/wp\/v2\/media\/9802"}],"wp:attachment":[{"href":"https:\/\/hablemosclarotdf.com.ar\/index.php?rest_route=%2Fwp%2Fv2%2Fmedia&parent=9801"}],"wp:term":[{"taxonomy":"category","embeddable":true,"href":"https:\/\/hablemosclarotdf.com.ar\/index.php?rest_route=%2Fwp%2Fv2%2Fcategories&post=9801"},{"taxonomy":"post_tag","embeddable":true,"href":"https:\/\/hablemosclarotdf.com.ar\/index.php?rest_route=%2Fwp%2Fv2%2Ftags&post=9801"}],"curies":[{"name":"wp","href":"https:\/\/api.w.org\/{rel}","templated":true}]}}