{"id":83441,"date":"2026-09-06T06:04:27","date_gmt":"2026-09-06T09:04:27","guid":{"rendered":"https:\/\/hablemosclarotdf.com.ar\/?p=83441"},"modified":"2026-09-06T06:04:27","modified_gmt":"2026-09-06T09:04:27","slug":"corte-programado-de-energia-en-ushuaia-26","status":"publish","type":"post","link":"https:\/\/hablemosclarotdf.com.ar\/?p=83441","title":{"rendered":"CORTE PROGRAMADO DE ENERG\u00cdA EN USHUAIA."},"content":{"rendered":"<p>La Direcci\u00f3n Provincial de Energ\u00eda informa a la comunidad de Ushuaia que el domingo 6 de septiembre se realizar\u00e1 un corte programado del servicio el\u00e9ctrico para llevar adelante tareas de mantenimiento en el transformador de la Subestaci\u00f3n Transformadora N.\u00ba 51, ubicada en el sector del Supermercado La An\u00f3nima.<\/p>\n<p>Zonas afectadas de 08:15 a 09:15 hs y de 11:15 a 12:30 hs<\/p>\n<p>&#8211; Barrio 245 Viviendas.<br \/>\n&#8211; Barrio Centro, comprendido entre las calles Magallanes y Maip\u00fa, y entre 25 de Mayo y Guaran\u00ed.<br \/>\n&#8211; Barrio Piedrabuena.<br \/>\n&#8211; Hospital Regional Ushuaia.<br \/>\n&#8211; Polideportivo Augusto Lasserre.<br \/>\n&#8211; Pista de Pat\u00edn.<\/p>\n<p>Zonas afectadas de 08:15 a 12:30 hs<\/p>\n<p>&#8211; Edificio Polosur.<br \/>\n&#8211; Supermercado La An\u00f3nima.<\/p>\n<p>Sepan disculpar las molestias ocasionadas.<\/p>\n","protected":false},"excerpt":{"rendered":"<p>La Direcci\u00f3n Provincial de Energ\u00eda informa a la comunidad de Ushuaia que el domingo 6&#8230;<\/p>\n","protected":false},"author":1,"featured_media":83442,"comment_status":"closed","ping_status":"closed","sticky":false,"template":"","format":"standard","meta":{"footnotes":""},"categories":[3],"tags":[],"class_list":["post-83441","post","type-post","status-publish","format-standard","has-post-thumbnail","hentry","category-noticias"],"jetpack_featured_media_url":"https:\/\/hablemosclarotdf.com.ar\/wp-content\/uploads\/2026\/09\/photo_2026-09-06_06-02-42.jpg","_links":{"self":[{"href":"https:\/\/hablemosclarotdf.com.ar\/index.php?rest_route=\/wp\/v2\/posts\/83441","targetHints":{"allow":["GET"]}}],"collection":[{"href":"https:\/\/hablemosclarotdf.com.ar\/index.php?rest_route=\/wp\/v2\/posts"}],"about":[{"href":"https:\/\/hablemosclarotdf.com.ar\/index.php?rest_route=\/wp\/v2\/types\/post"}],"author":[{"embeddable":true,"href":"https:\/\/hablemosclarotdf.com.ar\/index.php?rest_route=\/wp\/v2\/users\/1"}],"replies":[{"embeddable":true,"href":"https:\/\/hablemosclarotdf.com.ar\/index.php?rest_route=%2Fwp%2Fv2%2Fcomments&post=83441"}],"version-history":[{"count":1,"href":"https:\/\/hablemosclarotdf.com.ar\/index.php?rest_route=\/wp\/v2\/posts\/83441\/revisions"}],"predecessor-version":[{"id":83443,"href":"https:\/\/hablemosclarotdf.com.ar\/index.php?rest_route=\/wp\/v2\/posts\/83441\/revisions\/83443"}],"wp:featuredmedia":[{"embeddable":true,"href":"https:\/\/hablemosclarotdf.com.ar\/index.php?rest_route=\/wp\/v2\/media\/83442"}],"wp:attachment":[{"href":"https:\/\/hablemosclarotdf.com.ar\/index.php?rest_route=%2Fwp%2Fv2%2Fmedia&parent=83441"}],"wp:term":[{"taxonomy":"category","embeddable":true,"href":"https:\/\/hablemosclarotdf.com.ar\/index.php?rest_route=%2Fwp%2Fv2%2Fcategories&post=83441"},{"taxonomy":"post_tag","embeddable":true,"href":"https:\/\/hablemosclarotdf.com.ar\/index.php?rest_route=%2Fwp%2Fv2%2Ftags&post=83441"}],"curies":[{"name":"wp","href":"https:\/\/api.w.org\/{rel}","templated":true}]}}