{"id":83406,"date":"2026-09-05T19:09:08","date_gmt":"2026-09-05T22:09:08","guid":{"rendered":"https:\/\/hablemosclarotdf.com.ar\/?p=83406"},"modified":"2026-09-05T19:09:08","modified_gmt":"2026-09-05T22:09:08","slug":"ushuaia-la-municipalidad-llevo-adelante-la-xxiv-edicion-de-la-fiesta-de-las-colectividades","status":"publish","type":"post","link":"https:\/\/hablemosclarotdf.com.ar\/?p=83406","title":{"rendered":"USHUAIA : LA MUNICIPALIDAD LLEV\u00d3 ADELANTE LA XXIV EDICI\u00d3N DE LA \u201cFIESTA DE LAS COLECTIVIDADES\u201d"},"content":{"rendered":"<p>Las actividades continuar\u00e1n el d\u00eda s\u00e1bado 5 en el Microestadio Jos\u00e9 \u201cCochocho\u201d Vargas<\/p>\n<p>La Secretar\u00eda de Pol\u00edticas Amientales, Culturales y Educativas de la Municipalidad de Ushuaia, en articulaci\u00f3n con la Asociaci\u00f3n de Colectividades Extranjeras en Ushuaia (ACEDU), llev\u00f3 adelante en el Microestadio Jos\u00e9 \u201cCochocho\u201d Vargas la primera noche de la XXIV Edici\u00f3n de la Fiesta de las Colectividades.<\/p>\n<p>Ante una gran convocatoria de vecinos y vecinas, el \u201cCochocho\u201d Vargas present\u00f3 diversos stands con los tradicionales platos t\u00edpicos de los pa\u00edses, artesan\u00edas, espect\u00e1culos de danza y m\u00fasica donde 22 colectividades extranjeras exhibieron sus tradiciones y cultura. Durante la noche del viernes, se llev\u00f3 adelante la selecci\u00f3n del embajador y embajadora, elegidos por un panel compuesto de referentes culturales de la ciudad y autoridades municipales, que representar\u00e1 a las Colectividades durante el a\u00f1o calendario. All\u00ed se coron\u00f3 como embajadora a Siomara Aguirres de la colectividad de Escocia y en segundo lugar a Rosa Nunura de Per\u00fa.<\/p>\n<p>David Ferreyra, secretario de Pol\u00edticas Ambientales, Culturales y Educativas, remarc\u00f3 que \u201cnos llena de orgullo compartir junto a ACEDU la organizaci\u00f3n de esta fiesta que es propia de cada uno de los vecinos y vecinas de Ushuaia. Aqu\u00ed, m\u00e1s all\u00e1 de disfrutar de la gastronom\u00eda, la danza y los espect\u00e1culos, recordamos a aquellos vecinos y vecinas que dejaron su lugar de origen y se instalaron en el Fin del Mundo, forjando nuestra identidad como comunidad y ciudad\u201d.<\/p>\n<p>Asimismo, la presidenta de la Asociaci\u00f3n de Colectividades Extranjeras de Ushuaia Ana Mar\u00eda Manzur, agradeci\u00f3 \u201cestar junto a ustedes, es un placer y un honor su compa\u00f1\u00eda. Hace 24 a\u00f1os que les ofrecemos nuestra cultura, gastronom\u00eda y arte. Hoy vamos a rememorar a nuestros ancestros, aquellos que vinieron a un lugar que no conoc\u00edan y sin saber el idioma, pero con una valija llena de ilusiones y esperanzas para desarrollar sus vidas y familias\u201d.<\/p>\n<p>Por su parte Cecilia Juzwiuk, representante de la colectividad ucraniana, declar\u00f3 que \u201cpara nosotros tiene un significado muy especial esta fiesta, no solo se trata de mostrar nuestra gastronom\u00eda, cultura y artesan\u00edas, sino de compartir nuestra historia con toda la comunidad y mantener vivas nuestras tradiciones en las generaciones futuras\u201d.<\/p>\n<p>Finalizando, la embajadora de las Colectividades 2025 por Italia, Mar\u00eda Soledad Pierucci, destac\u00f3 que \u201cUshuaia es el mundo en el Fin del Mundo. Hoy, es una noche donde no hay fronteras, solo la bandera del respeto, amor y amistad. Cada colectividad nos trae un pedacito de su tierra para que conozcamos y compartamos\u201d.<\/p>\n<p>Las actividades continuar\u00e1n el d\u00eda s\u00e1bado 5 a partir de las 20:00 horas en el Microestadio Jos\u00e9 \u201cCochocho\u201d Vargas con la noche final de la XXIV Edici\u00f3n de la Fiesta de las Colectividades. Para saber m\u00e1s sobre la propuesta, las y los interesados podr\u00e1n visitar las redes sociales de la Secretar\u00eda de Pol\u00edticas Ambientales, Culturales y Educativas en @AmbienteCulturaEducacion.Ush.<\/p>\n<p><img loading=\"lazy\" decoding=\"async\" class=\"alignnone size-medium wp-image-83408\" src=\"https:\/\/hablemosclarotdf.com.ar\/wp-content\/uploads\/2026\/09\/photo_2026-09-05_19-07-24-300x200.jpg\" alt=\"\" width=\"300\" height=\"200\" srcset=\"https:\/\/hablemosclarotdf.com.ar\/wp-content\/uploads\/2026\/09\/photo_2026-09-05_19-07-24-300x200.jpg 300w, https:\/\/hablemosclarotdf.com.ar\/wp-content\/uploads\/2026\/09\/photo_2026-09-05_19-07-24-1024x682.jpg 1024w, https:\/\/hablemosclarotdf.com.ar\/wp-content\/uploads\/2026\/09\/photo_2026-09-05_19-07-24-768x512.jpg 768w, https:\/\/hablemosclarotdf.com.ar\/wp-content\/uploads\/2026\/09\/photo_2026-09-05_19-07-24.jpg 1280w\" sizes=\"auto, (max-width: 300px) 100vw, 300px\" \/> <img loading=\"lazy\" decoding=\"async\" class=\"alignnone size-medium wp-image-83409\" src=\"https:\/\/hablemosclarotdf.com.ar\/wp-content\/uploads\/2026\/09\/photo_2026-09-05_19-07-28-300x200.jpg\" alt=\"\" width=\"300\" height=\"200\" srcset=\"https:\/\/hablemosclarotdf.com.ar\/wp-content\/uploads\/2026\/09\/photo_2026-09-05_19-07-28-300x200.jpg 300w, https:\/\/hablemosclarotdf.com.ar\/wp-content\/uploads\/2026\/09\/photo_2026-09-05_19-07-28-1024x682.jpg 1024w, https:\/\/hablemosclarotdf.com.ar\/wp-content\/uploads\/2026\/09\/photo_2026-09-05_19-07-28-768x512.jpg 768w, https:\/\/hablemosclarotdf.com.ar\/wp-content\/uploads\/2026\/09\/photo_2026-09-05_19-07-28.jpg 1280w\" sizes=\"auto, (max-width: 300px) 100vw, 300px\" \/> <img loading=\"lazy\" decoding=\"async\" class=\"alignnone size-medium wp-image-83410\" src=\"https:\/\/hablemosclarotdf.com.ar\/wp-content\/uploads\/2026\/09\/photo_2026-09-05_19-07-36-300x200.jpg\" alt=\"\" width=\"300\" height=\"200\" srcset=\"https:\/\/hablemosclarotdf.com.ar\/wp-content\/uploads\/2026\/09\/photo_2026-09-05_19-07-36-300x200.jpg 300w, https:\/\/hablemosclarotdf.com.ar\/wp-content\/uploads\/2026\/09\/photo_2026-09-05_19-07-36-1024x682.jpg 1024w, https:\/\/hablemosclarotdf.com.ar\/wp-content\/uploads\/2026\/09\/photo_2026-09-05_19-07-36-768x512.jpg 768w, https:\/\/hablemosclarotdf.com.ar\/wp-content\/uploads\/2026\/09\/photo_2026-09-05_19-07-36.jpg 1280w\" sizes=\"auto, (max-width: 300px) 100vw, 300px\" \/> <img loading=\"lazy\" decoding=\"async\" class=\"alignnone size-medium wp-image-83411\" src=\"https:\/\/hablemosclarotdf.com.ar\/wp-content\/uploads\/2026\/09\/photo_2026-09-05_19-07-40-300x200.jpg\" alt=\"\" width=\"300\" height=\"200\" srcset=\"https:\/\/hablemosclarotdf.com.ar\/wp-content\/uploads\/2026\/09\/photo_2026-09-05_19-07-40-300x200.jpg 300w, https:\/\/hablemosclarotdf.com.ar\/wp-content\/uploads\/2026\/09\/photo_2026-09-05_19-07-40-1024x682.jpg 1024w, https:\/\/hablemosclarotdf.com.ar\/wp-content\/uploads\/2026\/09\/photo_2026-09-05_19-07-40-768x512.jpg 768w, https:\/\/hablemosclarotdf.com.ar\/wp-content\/uploads\/2026\/09\/photo_2026-09-05_19-07-40.jpg 1280w\" sizes=\"auto, (max-width: 300px) 100vw, 300px\" \/> <img loading=\"lazy\" decoding=\"async\" class=\"alignnone size-medium wp-image-83412\" src=\"https:\/\/hablemosclarotdf.com.ar\/wp-content\/uploads\/2026\/09\/photo_2026-09-05_19-07-45-300x200.jpg\" alt=\"\" width=\"300\" height=\"200\" srcset=\"https:\/\/hablemosclarotdf.com.ar\/wp-content\/uploads\/2026\/09\/photo_2026-09-05_19-07-45-300x200.jpg 300w, https:\/\/hablemosclarotdf.com.ar\/wp-content\/uploads\/2026\/09\/photo_2026-09-05_19-07-45-1024x682.jpg 1024w, https:\/\/hablemosclarotdf.com.ar\/wp-content\/uploads\/2026\/09\/photo_2026-09-05_19-07-45-768x512.jpg 768w, https:\/\/hablemosclarotdf.com.ar\/wp-content\/uploads\/2026\/09\/photo_2026-09-05_19-07-45.jpg 1280w\" sizes=\"auto, (max-width: 300px) 100vw, 300px\" \/><\/p>\n","protected":false},"excerpt":{"rendered":"<p>Las actividades continuar\u00e1n el d\u00eda s\u00e1bado 5 en el Microestadio Jos\u00e9 \u201cCochocho\u201d Vargas La Secretar\u00eda&#8230;<\/p>\n","protected":false},"author":1,"featured_media":83407,"comment_status":"closed","ping_status":"closed","sticky":false,"template":"","format":"standard","meta":{"footnotes":""},"categories":[3],"tags":[],"class_list":["post-83406","post","type-post","status-publish","format-standard","has-post-thumbnail","hentry","category-noticias"],"jetpack_featured_media_url":"https:\/\/hablemosclarotdf.com.ar\/wp-content\/uploads\/2026\/09\/photo_2026-09-05_19-07-18.jpg","_links":{"self":[{"href":"https:\/\/hablemosclarotdf.com.ar\/index.php?rest_route=\/wp\/v2\/posts\/83406","targetHints":{"allow":["GET"]}}],"collection":[{"href":"https:\/\/hablemosclarotdf.com.ar\/index.php?rest_route=\/wp\/v2\/posts"}],"about":[{"href":"https:\/\/hablemosclarotdf.com.ar\/index.php?rest_route=\/wp\/v2\/types\/post"}],"author":[{"embeddable":true,"href":"https:\/\/hablemosclarotdf.com.ar\/index.php?rest_route=\/wp\/v2\/users\/1"}],"replies":[{"embeddable":true,"href":"https:\/\/hablemosclarotdf.com.ar\/index.php?rest_route=%2Fwp%2Fv2%2Fcomments&post=83406"}],"version-history":[{"count":1,"href":"https:\/\/hablemosclarotdf.com.ar\/index.php?rest_route=\/wp\/v2\/posts\/83406\/revisions"}],"predecessor-version":[{"id":83413,"href":"https:\/\/hablemosclarotdf.com.ar\/index.php?rest_route=\/wp\/v2\/posts\/83406\/revisions\/83413"}],"wp:featuredmedia":[{"embeddable":true,"href":"https:\/\/hablemosclarotdf.com.ar\/index.php?rest_route=\/wp\/v2\/media\/83407"}],"wp:attachment":[{"href":"https:\/\/hablemosclarotdf.com.ar\/index.php?rest_route=%2Fwp%2Fv2%2Fmedia&parent=83406"}],"wp:term":[{"taxonomy":"category","embeddable":true,"href":"https:\/\/hablemosclarotdf.com.ar\/index.php?rest_route=%2Fwp%2Fv2%2Fcategories&post=83406"},{"taxonomy":"post_tag","embeddable":true,"href":"https:\/\/hablemosclarotdf.com.ar\/index.php?rest_route=%2Fwp%2Fv2%2Ftags&post=83406"}],"curies":[{"name":"wp","href":"https:\/\/api.w.org\/{rel}","templated":true}]}}