{"id":83403,"date":"2026-09-05T15:29:03","date_gmt":"2026-09-05T18:29:03","guid":{"rendered":"https:\/\/hablemosclarotdf.com.ar\/?p=83403"},"modified":"2026-09-05T15:29:03","modified_gmt":"2026-09-05T18:29:03","slug":"gobierno-abrio-las-ofertas-para-refacciones-del-centro-polivalente-de-artes-de-ushuaia","status":"publish","type":"post","link":"https:\/\/hablemosclarotdf.com.ar\/?p=83403","title":{"rendered":"GOBIERNO ABRI\u00d3 LAS OFERTAS PARA REFACCIONES DEL CENTRO POLIVALENTE DE ARTES DE USHUAIA"},"content":{"rendered":"<p>El Gobierno abri\u00f3 las ofertas para ejecutar las obras de refacci\u00f3n del establecimiento educativo. Se recibieron dos propuestas y el presupuesto oficial ronda los $46 millones. Los trabajos tendr\u00e1n un plazo de ejecuci\u00f3n de 30 d\u00edas.<\/p>\n<p>El Gobierno de Tierra del Fuego dio este viernes un paso clave para mejorar las condiciones edilicias del Centro Polivalente de Artes \u201cMar\u00eda In\u00e9s Bustelo\u201d, con la apertura de las ofertas para ejecutar las obras de refacci\u00f3n y mantenimiento que requiere el establecimiento.<\/p>\n<p>El acto se realiz\u00f3 en Casa de Gobierno y cont\u00f3 con la presentaci\u00f3n de dos ofertas econ\u00f3micas, una por encima y otra por debajo del presupuesto oficial, que asciende aproximadamente a $46 millones. Ahora ser\u00e1 la Comisi\u00f3n Evaluadora la encargada de analizar las propuestas y determinar la oferta que resulte m\u00e1s conveniente, para luego continuar con el proceso administrativo correspondiente.<\/p>\n<p>La secretaria de Obras P\u00fablicas, Mar\u00eda Eugenia Vera, destac\u00f3 que se trata de una intervenci\u00f3n que surge de un relevamiento realizado junto a estudiantes y referentes de la instituci\u00f3n.<\/p>\n<p>\u201cHemos recorrido la escuela con los propios alumnos y referentes del colegio para conocer cu\u00e1les eran sus problemas. A partir de eso se elabor\u00f3 el pliego licitatorio para dar respuesta a las necesidades que nos plantearon\u201d, explic\u00f3.<\/p>\n<p>La obra contempla reparaciones de ventanas y puertas, trabajos en los ba\u00f1os, la instalaci\u00f3n de una c\u00e1mara interceptora de grasa en la cocina y tareas de mantenimiento del sistema de calefacci\u00f3n, adem\u00e1s de otras intervenciones necesarias para mejorar las condiciones generales del edificio.<\/p>\n<p>Vera remarc\u00f3 que \u201ccon esta obra le vamos a dar soluci\u00f3n a los conflictos que se presentaban en el colegio\u201d y sostuvo que la intervenci\u00f3n forma parte del trabajo que el Gobierno provincial lleva adelante para sostener y mejorar la infraestructura educativa.<\/p>\n<p>\u201cEstamos contentos con esto y seguimos avanzando desde el Gobierno con esta pol\u00edtica de educaci\u00f3n y con el objetivo que los chicos est\u00e9n adentro del aula\u201d, afirm\u00f3.<\/p>\n<p>Desde el \u00e1rea educativa, la referente de la Direcci\u00f3n Provincial de Nivel Secundario, Silvana Quiroga, valor\u00f3 especialmente el avance del proceso licitatorio y se\u00f1al\u00f3 que se trata de una respuesta largamente esperada por la comunidad educativa.<\/p>\n<p>\u201cHoy tuvimos la alegr\u00eda que se firmara el acta con respecto a esta licitaci\u00f3n que hemos estado esperando hace un tiempo. Esto nos permite dar respuestas a cuestiones edilicias que estaban ocurriendo en el Colegio Polivalente\u201d, sostuvo.<\/p>\n<p>Quiroga destac\u00f3 que la intervenci\u00f3n permitir\u00e1 llevar una respuesta concreta a las familias, estudiantes y docentes que forman parte de la instituci\u00f3n. \u201cSobre todo son los chicos y chicas quienes transitan diariamente el establecimiento, y tambi\u00e9n los docentes\u201d, se\u00f1al\u00f3.<\/p>\n<p>La funcionaria explic\u00f3 adem\u00e1s que la intervenci\u00f3n en el Polivalente se suma a otras acciones de mantenimiento que se realizan en establecimientos educativos de la provincia. \u201cLa licitaci\u00f3n de hoy trabaja solo con el Colegio Polivalente de Arte, pero eventualmente comienzan otras obras tambi\u00e9n\u201d, indic\u00f3.<\/p>\n<p>En paralelo, se contin\u00faan ejecutando trabajos menores de mantenimiento vinculados al desgaste cotidiano de los edificios escolares, como reparaciones de ba\u00f1os, picaportes, pizarrones y otras necesidades.<\/p>\n<p>Una vez finalizada la evaluaci\u00f3n de las ofertas y cumplidas las instancias administrativas correspondientes, se prev\u00e9 que los trabajos puedan comenzar durante lo que resta del a\u00f1o.<\/p>\n<p>La obra tiene un plazo de ejecuci\u00f3n de 30 d\u00edas y, de acuerdo con lo previsto, se buscar\u00e1 organizar las tareas de manera que afecten lo menos posible el normal funcionamiento del establecimiento, priorizando los fines de semana y, especialmente, el receso de verano para las intervenciones de mayor intensidad.<\/p>\n<p>Con esta licitaci\u00f3n, el Gobierno provincial avanza en una obra esperada por la comunidad del Polivalente de Arte y en una agenda de mantenimiento y recuperaci\u00f3n de la infraestructura educativa en distintos establecimientos de Tierra del Fuego.<\/p>\n","protected":false},"excerpt":{"rendered":"<p>El Gobierno abri\u00f3 las ofertas para ejecutar las obras de refacci\u00f3n del establecimiento educativo. Se&#8230;<\/p>\n","protected":false},"author":1,"featured_media":83404,"comment_status":"closed","ping_status":"closed","sticky":false,"template":"","format":"standard","meta":{"footnotes":""},"categories":[3],"tags":[],"class_list":["post-83403","post","type-post","status-publish","format-standard","has-post-thumbnail","hentry","category-noticias"],"jetpack_featured_media_url":"https:\/\/hablemosclarotdf.com.ar\/wp-content\/uploads\/2026\/09\/photo_2026-09-05_15-28-04.jpg","_links":{"self":[{"href":"https:\/\/hablemosclarotdf.com.ar\/index.php?rest_route=\/wp\/v2\/posts\/83403","targetHints":{"allow":["GET"]}}],"collection":[{"href":"https:\/\/hablemosclarotdf.com.ar\/index.php?rest_route=\/wp\/v2\/posts"}],"about":[{"href":"https:\/\/hablemosclarotdf.com.ar\/index.php?rest_route=\/wp\/v2\/types\/post"}],"author":[{"embeddable":true,"href":"https:\/\/hablemosclarotdf.com.ar\/index.php?rest_route=\/wp\/v2\/users\/1"}],"replies":[{"embeddable":true,"href":"https:\/\/hablemosclarotdf.com.ar\/index.php?rest_route=%2Fwp%2Fv2%2Fcomments&post=83403"}],"version-history":[{"count":1,"href":"https:\/\/hablemosclarotdf.com.ar\/index.php?rest_route=\/wp\/v2\/posts\/83403\/revisions"}],"predecessor-version":[{"id":83405,"href":"https:\/\/hablemosclarotdf.com.ar\/index.php?rest_route=\/wp\/v2\/posts\/83403\/revisions\/83405"}],"wp:featuredmedia":[{"embeddable":true,"href":"https:\/\/hablemosclarotdf.com.ar\/index.php?rest_route=\/wp\/v2\/media\/83404"}],"wp:attachment":[{"href":"https:\/\/hablemosclarotdf.com.ar\/index.php?rest_route=%2Fwp%2Fv2%2Fmedia&parent=83403"}],"wp:term":[{"taxonomy":"category","embeddable":true,"href":"https:\/\/hablemosclarotdf.com.ar\/index.php?rest_route=%2Fwp%2Fv2%2Fcategories&post=83403"},{"taxonomy":"post_tag","embeddable":true,"href":"https:\/\/hablemosclarotdf.com.ar\/index.php?rest_route=%2Fwp%2Fv2%2Ftags&post=83403"}],"curies":[{"name":"wp","href":"https:\/\/api.w.org\/{rel}","templated":true}]}}