{"id":83399,"date":"2026-09-05T15:16:41","date_gmt":"2026-09-05T18:16:41","guid":{"rendered":"https:\/\/hablemosclarotdf.com.ar\/?p=83399"},"modified":"2026-09-05T15:16:41","modified_gmt":"2026-09-05T18:16:41","slug":"remember-inglesitos-2-a-1-go-home","status":"publish","type":"post","link":"https:\/\/hablemosclarotdf.com.ar\/?p=83399","title":{"rendered":"Remember, inglesitos: 2 a 1; go home!"},"content":{"rendered":"<p><img loading=\"lazy\" decoding=\"async\" class=\"alignnone size-full wp-image-83400\" src=\"https:\/\/hablemosclarotdf.com.ar\/wp-content\/uploads\/2026\/09\/https___author-service-images-prod-us-east-1.publishing.aws_.arc_.pub_lanacionar_fe91ef4e-c101-451e-b5c6-e74d7cc41098.avif\" alt=\"\" width=\"80\" height=\"80\" \/><span class=\"text-body-md font-bold block\">Por\u00a0<a href=\"https:\/\/www.lanacion.com.ar\/autor\/carlos-m-reymundo-roberts-86\/\">Carlos M. Reymundo Roberts<\/a><\/span><span class=\"text-body-sm text-base-light block\">LA NACION<\/span><\/p>\n<div class=\"col-span-8 md:col-span-10 md:col-start-2 xl:col-span-8 xl:col-start-5 max-w-550 md:max-w-635 mb-16\">\n<p class=\"ds-custom-paragraph font-tertiary text-20 leading-[150%] tracking-[-0.1px] text-left editorial-drop-cap\">El discurso de Milei sobre Malvinas fue tan estructurado, tan perfecto, tan redondito de ricota\u2026\u00a0<strong>que no parec\u00eda Milei.\u00a0<\/strong>\u00bfEra Milei? Las dos fuentes m\u00e1s confiables del Gobierno \u2013el Colo Santilli y AFA Mahiques\u2013 aseguran que s\u00ed. Era \u00e9l, pero despu\u00e9s de ser sometido a un brusco reseteo; lo apagaron y lo volvieron a prender. De esa faena se ocup\u00f3 Santiago Caputo; el inefable Caput\u00edn, al que sus rivales del barrio, Kari y los Menem, en el chat llaman Kaputo, por haber asimilado el mejor marketing pol\u00edtico mirando lo que hac\u00eda y dec\u00eda Cristina. Fue gracioso: la operaci\u00f3n tambi\u00e9n supuso que antes se reseteara el propio Caput\u00edn, habituado a pedirle que agreda, insulte y se haga el loco. \u201cJavier, te necesito circunspecto, grave. Solo un\u00a0<em>touch<\/em>\u00a0de histrionismo en frases que ver\u00e1s resaltadas. Prohibido improvisar, despeinarte, hacer muecas. Prohibida la voz aflautada.\u00a0<strong>\u00a1Prohibido ser vos!\u201d.<\/strong>\u00a0Javi, el mejor alumno, tom\u00f3 nota de todos los tips. Fue escribiendo en una libretita: \u201cMameluco de YPF, NO\u201d. \u201cTocado y fijador, S\u00cd\u201d. \u201cA ver, o sea, digamos\u2026, NO\u201d. \u201cMi buen amigo Donald, NO\u201d, \u201cOpositores, los amo, S\u00cd (MEJOR, NO)\u201d. \u201cViva la libertad, carajo, NO\u201d. \u201c\u00a1Piratas, 2 a 1!, TAMPOCO\u201d. Minutos antes de la cadena pidi\u00f3 repasar el texto.\u00a0<strong>De sus apuntes.<\/strong><\/p>\n<\/div>\n<div class=\"col-span-8 md:col-span-10 md:col-start-2 xl:col-span-8 xl:col-start-5 max-w-550 md:max-w-635 mb-16\">\n<p class=\"ds-custom-paragraph font-tertiary text-20 leading-[150%] tracking-[-0.1px] text-left\">No pronunciaba un mensaje de tama\u00f1a exigencia desde que le toc\u00f3 hablar el D\u00eda de la Bandera, en 7\u00ba grado. Como aquella vez, puso todo de s\u00ed. Percibi\u00f3 que ten\u00eda que pasar desapercibido. Que solo se luciera lo que le hab\u00edan escrito, una pieza muy buena, la verdad. Le llev\u00f3 dos a\u00f1os y medio descubrir Malvinas, pero con qu\u00e9 convicci\u00f3n est\u00e1 abrazando la causa. El Pelu ignor\u00f3 el tema en su primer discurso como presidente y en las tres cadenas nacionales al inaugurar los per\u00edodos de sesiones del Congreso. Y el 2 de abril del a\u00f1o pasado abri\u00f3 la puerta a la autodeterminaci\u00f3n de los habitantes de las islas \u00a1en un acto con excombatientes!\u00a0<em><strong>My God<\/strong><\/em><strong>, qu\u00e9 escandalete<\/strong>. Lo de ahora, \u00bffue inspiraci\u00f3n, un momento Eureka, o tuvo que avivarlos Trump al decir, el lunes, que Estados Unidos podr\u00eda revisar su apoyo a Gran Breta\u00f1a por Malvinas? Odio las preguntas impregnadas de ciza\u00f1a. La retiro. Elijo pensar que el inminente expolio de crudo en el archipi\u00e9lago los puso en alerta, que activaron todos los mecanismos de defensa, y que Javi llam\u00f3 a Trump para contarle la gravedad de lo que estaba pasando. Lo descoloc\u00f3 la reacci\u00f3n de su amigo:\u00a0<strong>\u201c\u00bfNo ser\u00e1 un asunto entre privados?\u201d.<\/strong><\/p>\n<p>&nbsp;<\/p>\n<\/div>\n<div class=\"col-span-8 md:col-span-10 md:col-start-2 xl:col-span-8 xl:col-start-5 max-w-550 md:max-w-635 mb-16\">\n<p class=\"ds-custom-paragraph font-tertiary text-20 leading-[150%] tracking-[-0.1px] text-left\">La cadena de anteanoche dur\u00f3 15 minutos y clav\u00f3 30 puntos de rating, \u00bfqu\u00e9\u00a0<em>tul<\/em>? Yo estaba para una horita m\u00e1s. Como que me sensibiliz\u00f3 el tema, sobre todo despu\u00e9s de la gesta mundialista y de aquella gloriosa bandera blanca que baj\u00f3 de la tribuna. Pero tambi\u00e9n comprobar, otra vez, la capacidad interpretativa de Javi. Le piden barrabrava, pastor evang\u00e9lico, rockstar o jefe de Estado, y \u00e9l,\u00a0<em>on demand<\/em>, cumple y dignifica. Es un hombre del espect\u00e1culo; quiero decir:\u00a0<strong>es espectacular.<\/strong>\u00a0Le cre\u00e9s que est\u00e1 enojado, o de la nuca, que odia a la casta y que el 95% de los periodistas son corruptos (del 5% restante eligi\u00f3 a Adorni como vocero). Caput\u00edn lo tiene convencido de la infalibilidad de la llamada \u201cf\u00f3rmula Cris\u201d de comunicaci\u00f3n pol\u00edtica, hoy estudiada en la academia: estar, copar, decir, decir, decir. Un Presi omnipresente, figura central, viral, que tira t\u00edtulos y fija agenda, siempre en \u00e1mbitos donde no rige el derecho a r\u00e9plica. Insisto: no est\u00e1 en campa\u00f1a, est\u00e1 con ganas de hablar. En los \u00faltimos 15 d\u00edas nos regal\u00f3 siete discursos: el 20, 21, 27 y 31 de agosto, y el 2 y anteayer, el 3, dos veces. En total, casi seis horas, 26 insultos, 5 descalificaciones, 3 ofensas personales y un n\u00famero infinito de ense\u00f1anzas sobre los m\u00e1s diversos temas, incluida una sesi\u00f3n de adoctrinamiento escolar. No puro relato: relato de m\u00e1xima pureza. Barrabrava, pastor, rockstar, jefe de Estado y, s\u00ed, Cristina.<\/p>\n<\/div>\n<div class=\"col-span-8 md:col-span-10 md:col-start-2 xl:col-span-8 xl:col-start-5 max-w-550 md:max-w-635 mb-16\">\n<p class=\"ds-custom-paragraph font-tertiary text-20 leading-[150%] tracking-[-0.1px] text-left\">\u201cFaltan 11 minutos y 48 segundos\u201d, tir\u00f3 Majul en la cuenta regresiva hacia la cadena. As\u00ed, con el coraz\u00f3n en la boca, esperaba el pueblo la palabra de su l\u00edder y comandante en jefe. Vali\u00f3 la pena, porque despu\u00e9s de escucharlo<strong>\u00a0sentimos que los piratas ya van a pisar el freno.\u00a0<\/strong>Bater\u00eda de decretos, una ley, creaci\u00f3n del Consejo de Seguridad Nacional (\u00bfDani Scioli cambia de agenda, apalancado en su exitosa reivindicaci\u00f3n de soberan\u00eda de los carpinchos en Nordelta?) y construcci\u00f3n de una base naval en Tierra del Fuego, proyecto del a\u00f1o 2022 al que Javi nunca hab\u00eda prestado atenci\u00f3n; y, menos que menos, fondos. Los empresarios brit\u00e1nicos e israel\u00edes que pretenden extraer petr\u00f3leo de las entra\u00f1as del mar malvinense tuvieron el tup\u00e9 de llamar Sea Lion a ese despojo. Lion: casi una mojada de oreja, hasta anteanoche. Anteanoche rugi\u00f3 nuestro Le\u00f3n, y con \u00e9l rugimos todos. Bellingham, Harry Kane, Gordon, 2 a 1,\u00a0<em>go home<\/em>.<\/p>\n<\/div>\n<div class=\"col-span-8 md:col-span-10 md:col-start-2 xl:col-span-8 xl:col-start-5 max-w-550 md:max-w-635 mb-16\">\n<p class=\"ds-custom-paragraph font-tertiary text-20 leading-[150%] tracking-[-0.1px] text-left\">Est\u00e1bamos necesitando una causa nacional que nos volviera a unir. Ya la tenemos. Todas las puteadas todas destinadas ahora a los ingleses.\u00a0<strong>Mandriles, no pasar\u00e1n.<\/strong><\/p>\n<\/div>\n<div class=\"col-span-8 md:col-span-10 md:col-start-2 xl:col-span-8 xl:col-start-5 max-w-550 md:max-w-635\" data-tw=\"true\">\n<address class=\"mb-24 md:mb-64\"><span class=\"text-base-default font-secondary text-16 leading-[140%] font-bold tracking-[-0.6px]\">Por\u00a0<a href=\"https:\/\/www.lanacion.com.ar\/autor\/carlos-m-reymundo-roberts-86\/\">Carlos M. Reymundo Roberts<\/a><\/span><\/address>\n<\/div>\n","protected":false},"excerpt":{"rendered":"<p>Por\u00a0Carlos M. Reymundo RobertsLA NACION El discurso de Milei sobre Malvinas fue tan estructurado, tan&#8230;<\/p>\n","protected":false},"author":1,"featured_media":83401,"comment_status":"closed","ping_status":"closed","sticky":false,"template":"","format":"standard","meta":{"footnotes":""},"categories":[3],"tags":[],"class_list":["post-83399","post","type-post","status-publish","format-standard","has-post-thumbnail","hentry","category-noticias"],"jetpack_featured_media_url":"https:\/\/hablemosclarotdf.com.ar\/wp-content\/uploads\/2026\/09\/islas-malvinas-guerra-X2Y52XNFONEENMVMOJWKRWAKXI.avif","_links":{"self":[{"href":"https:\/\/hablemosclarotdf.com.ar\/index.php?rest_route=\/wp\/v2\/posts\/83399","targetHints":{"allow":["GET"]}}],"collection":[{"href":"https:\/\/hablemosclarotdf.com.ar\/index.php?rest_route=\/wp\/v2\/posts"}],"about":[{"href":"https:\/\/hablemosclarotdf.com.ar\/index.php?rest_route=\/wp\/v2\/types\/post"}],"author":[{"embeddable":true,"href":"https:\/\/hablemosclarotdf.com.ar\/index.php?rest_route=\/wp\/v2\/users\/1"}],"replies":[{"embeddable":true,"href":"https:\/\/hablemosclarotdf.com.ar\/index.php?rest_route=%2Fwp%2Fv2%2Fcomments&post=83399"}],"version-history":[{"count":1,"href":"https:\/\/hablemosclarotdf.com.ar\/index.php?rest_route=\/wp\/v2\/posts\/83399\/revisions"}],"predecessor-version":[{"id":83402,"href":"https:\/\/hablemosclarotdf.com.ar\/index.php?rest_route=\/wp\/v2\/posts\/83399\/revisions\/83402"}],"wp:featuredmedia":[{"embeddable":true,"href":"https:\/\/hablemosclarotdf.com.ar\/index.php?rest_route=\/wp\/v2\/media\/83401"}],"wp:attachment":[{"href":"https:\/\/hablemosclarotdf.com.ar\/index.php?rest_route=%2Fwp%2Fv2%2Fmedia&parent=83399"}],"wp:term":[{"taxonomy":"category","embeddable":true,"href":"https:\/\/hablemosclarotdf.com.ar\/index.php?rest_route=%2Fwp%2Fv2%2Fcategories&post=83399"},{"taxonomy":"post_tag","embeddable":true,"href":"https:\/\/hablemosclarotdf.com.ar\/index.php?rest_route=%2Fwp%2Fv2%2Ftags&post=83399"}],"curies":[{"name":"wp","href":"https:\/\/api.w.org\/{rel}","templated":true}]}}