{"id":83396,"date":"2026-09-05T14:58:11","date_gmt":"2026-09-05T17:58:11","guid":{"rendered":"https:\/\/hablemosclarotdf.com.ar\/?p=83396"},"modified":"2026-09-05T14:58:11","modified_gmt":"2026-09-05T17:58:11","slug":"el-gobierno-de-la-provincia-pone-en-marcha-el-programa-cosiendo-vinculos","status":"publish","type":"post","link":"https:\/\/hablemosclarotdf.com.ar\/?p=83396","title":{"rendered":"EL GOBIERNO DE LA PROVINCIA PONE EN MARCHA EL PROGRAMA COSIENDO V\u00cdNCULOS"},"content":{"rendered":"<p>El Ministerio de Trabajo y Empleo, a trav\u00e9s de la Subsecretar\u00eda de Pol\u00edticas y Vinculaci\u00f3n Comunitaria, informa que se encuentran abiertas las inscripciones para participar del programa \u201cCosiendo V\u00ednculos\u201d <i>un espacio para coser, reparar y crear<\/i>. La propuesta comenzar\u00e1 el pr\u00f3ximo 15 de septiembre y permitir\u00e1 a los vecinos utilizar de manera gratuita m\u00e1quinas de coser e insumos para realizar arreglos, confecciones y productos destinados a emprendimientos.<\/p>\n<p>La cartera laboral pondr\u00e1 a disposici\u00f3n cuatro m\u00e1quinas de coser, hilos y agujas para su utilizaci\u00f3n libre y gratuita. El espacio funcionar\u00e1 los d\u00edas martes y jueves en \u201cLa Casona\u201d, ubicada en Kupanaka 150, y contar\u00e1 con dos turnos por jornada: por la ma\u00f1ana de 10:00 a 12:30 hs, y por la tarde de 12:30 a 15:00 horas.<\/p>\n<p>El objetivo de la iniciativa es brindar una herramienta concreta a quienes no cuentan con una m\u00e1quina propia o requieren de un lugar para reparar o acondicionar prendas de uso personal o familiar. Asimismo, est\u00e1 destinado a emprendedores locales que necesiten el equipamiento para confeccionar productos destinados a la venta.<\/p>\n<p>Para acceder al programa, los interesados deber\u00e1n contar con conocimientos previos y manejo de m\u00e1quinas de coser, dado que no se trata de un curso de capacitaci\u00f3n. Asimismo, cada participante deber\u00e1 concurrir con las prendas, telas o materiales que necesite para realizar su propio trabajo.<\/p>\n<p>Debido a que el lugar cuenta con cuatro puestos disponibles por turno, se coordinar\u00e1n previamente los d\u00edas y horarios de asistencia para organizar correctamente el uso de los recursos.<\/p>\n<p>Las personas interesadas en participar podr\u00e1n inscribirse completando el siguiente formulario: <u>https:\/\/forms.gle\/vJCv63haxHceCXYdA<\/u><\/p>\n<p>Tambi\u00e9n podr\u00e1n registrarse presencialmente de lunes a viernes, de 08:00 a 15:30 horas, en la sede de la cartera laboral ubicada en Juana Fadul 204; o bien coordinar su turno directamente en \u201cLa Casona\u201d (Kupanaka 150) los d\u00edas martes y jueves de 10:00 a 15:00 horas.<\/p>\n","protected":false},"excerpt":{"rendered":"<p>El Ministerio de Trabajo y Empleo, a trav\u00e9s de la Subsecretar\u00eda de Pol\u00edticas y Vinculaci\u00f3n&#8230;<\/p>\n","protected":false},"author":1,"featured_media":83397,"comment_status":"closed","ping_status":"closed","sticky":false,"template":"","format":"standard","meta":{"footnotes":""},"categories":[3],"tags":[],"class_list":["post-83396","post","type-post","status-publish","format-standard","has-post-thumbnail","hentry","category-noticias"],"jetpack_featured_media_url":"https:\/\/hablemosclarotdf.com.ar\/wp-content\/uploads\/2026\/09\/photo_2026-09-05_14-57-52.jpg","_links":{"self":[{"href":"https:\/\/hablemosclarotdf.com.ar\/index.php?rest_route=\/wp\/v2\/posts\/83396","targetHints":{"allow":["GET"]}}],"collection":[{"href":"https:\/\/hablemosclarotdf.com.ar\/index.php?rest_route=\/wp\/v2\/posts"}],"about":[{"href":"https:\/\/hablemosclarotdf.com.ar\/index.php?rest_route=\/wp\/v2\/types\/post"}],"author":[{"embeddable":true,"href":"https:\/\/hablemosclarotdf.com.ar\/index.php?rest_route=\/wp\/v2\/users\/1"}],"replies":[{"embeddable":true,"href":"https:\/\/hablemosclarotdf.com.ar\/index.php?rest_route=%2Fwp%2Fv2%2Fcomments&post=83396"}],"version-history":[{"count":1,"href":"https:\/\/hablemosclarotdf.com.ar\/index.php?rest_route=\/wp\/v2\/posts\/83396\/revisions"}],"predecessor-version":[{"id":83398,"href":"https:\/\/hablemosclarotdf.com.ar\/index.php?rest_route=\/wp\/v2\/posts\/83396\/revisions\/83398"}],"wp:featuredmedia":[{"embeddable":true,"href":"https:\/\/hablemosclarotdf.com.ar\/index.php?rest_route=\/wp\/v2\/media\/83397"}],"wp:attachment":[{"href":"https:\/\/hablemosclarotdf.com.ar\/index.php?rest_route=%2Fwp%2Fv2%2Fmedia&parent=83396"}],"wp:term":[{"taxonomy":"category","embeddable":true,"href":"https:\/\/hablemosclarotdf.com.ar\/index.php?rest_route=%2Fwp%2Fv2%2Fcategories&post=83396"},{"taxonomy":"post_tag","embeddable":true,"href":"https:\/\/hablemosclarotdf.com.ar\/index.php?rest_route=%2Fwp%2Fv2%2Ftags&post=83396"}],"curies":[{"name":"wp","href":"https:\/\/api.w.org\/{rel}","templated":true}]}}