{"id":83390,"date":"2026-09-05T13:39:24","date_gmt":"2026-09-05T16:39:24","guid":{"rendered":"https:\/\/hablemosclarotdf.com.ar\/?p=83390"},"modified":"2026-09-05T13:39:24","modified_gmt":"2026-09-05T16:39:24","slug":"rio-grande-siguiendo-la-ruta-de-la-aeroposta-10-anos-despues-un-recorrido-por-la-historia-y-la-memoria","status":"publish","type":"post","link":"https:\/\/hablemosclarotdf.com.ar\/?p=83390","title":{"rendered":"RIO GRANDE : \u201cSIGUIENDO LA RUTA DE LA AEROPOSTA, 10 A\u00d1OS DESPU\u00c9S\u201d: UN RECORRIDO POR LA HISTORIA Y LA MEMORIA"},"content":{"rendered":"<p><i>El Museo Municipal \u201cVirginia Choquintel\u201d fue escenario de la presentaci\u00f3n del documental \u201cSiguiendo la ruta de la Aeroposta, 10 a\u00f1os despu\u00e9s\u201d, realizado por Luis Soler, y de una muestra fotogr\u00e1fica inspirada en esta producci\u00f3n.<\/i><\/p>\n<p>La iniciativa permiti\u00f3 recuperar y poner en valor parte de la historia de la aviaci\u00f3n y su v\u00ednculo con R\u00edo Grande.<\/p>\n<p>Una gran cantidad de vecinos y vecinas acompa\u00f1\u00f3 la proyecci\u00f3n de esta nueva producci\u00f3n, realizada una d\u00e9cada despu\u00e9s de los primeros trabajos documentales de Soler sobre la Aeroposta y destinada a rescatar la historia de aquellos pioneros de la aviaci\u00f3n que contribuyeron a conectar la Patagonia y Tierra del Fuego con el resto del mundo.<\/p>\n<p>El documental, de aproximadamente 50 minutos de duraci\u00f3n, recupera y reedita parte de los trabajos anteriores, al tiempo que incorpora nuevos contenidos y recursos tecnol\u00f3gicos. En este marco, Soler destac\u00f3 el trabajo desarrollado junto a Daniel Garc\u00eda mediante la utilizaci\u00f3n de herramientas de inteligencia artificial para recrear acontecimientos hist\u00f3ricos y brindar una dimensi\u00f3n visual diferente a episodios de los cuales pr\u00e1cticamente no existen registros audiovisuales.<\/p>\n<p>Como parte de la iniciativa, se present\u00f3 adem\u00e1s una muestra fotogr\u00e1fica inspirada en el documental, que permanecer\u00e1 disponible hasta mediados de octubre en el Museo Municipal \u201cVirginia Choquintel\u201d, para que vecinos, vecinas y visitantes puedan acercarse a recorrerla.<\/p>\n<p>La actividad se llev\u00f3 adelante junto al Centro de Antiguos Pobladores, generando un espacio para compartir historias, experiencias y recuerdos, as\u00ed como para acercar a las nuevas generaciones parte del patrimonio hist\u00f3rico de la ciudad.<\/p>\n<p>A trav\u00e9s de este tipo de iniciativas, el Municipio de R\u00edo Grande contin\u00faa promoviendo espacios que contribuyen a preservar, difundir y poner en valor la historia local, fortaleciendo el encuentro de la comunidad con aquellos acontecimientos y protagonistas que forman parte de la construcci\u00f3n de la identidad riograndense.<\/p>\n<p><img loading=\"lazy\" decoding=\"async\" class=\"alignnone size-medium wp-image-83392\" src=\"https:\/\/hablemosclarotdf.com.ar\/wp-content\/uploads\/2026\/09\/photo_2026-09-05_13-38-04-300x240.jpg\" alt=\"\" width=\"300\" height=\"240\" srcset=\"https:\/\/hablemosclarotdf.com.ar\/wp-content\/uploads\/2026\/09\/photo_2026-09-05_13-38-04-300x240.jpg 300w, https:\/\/hablemosclarotdf.com.ar\/wp-content\/uploads\/2026\/09\/photo_2026-09-05_13-38-04-1024x819.jpg 1024w, https:\/\/hablemosclarotdf.com.ar\/wp-content\/uploads\/2026\/09\/photo_2026-09-05_13-38-04-768x614.jpg 768w, https:\/\/hablemosclarotdf.com.ar\/wp-content\/uploads\/2026\/09\/photo_2026-09-05_13-38-04.jpg 1280w\" sizes=\"auto, (max-width: 300px) 100vw, 300px\" \/> <img loading=\"lazy\" decoding=\"async\" class=\"alignnone size-medium wp-image-83393\" src=\"https:\/\/hablemosclarotdf.com.ar\/wp-content\/uploads\/2026\/09\/photo_2026-09-05_13-38-08-300x240.jpg\" alt=\"\" width=\"300\" height=\"240\" srcset=\"https:\/\/hablemosclarotdf.com.ar\/wp-content\/uploads\/2026\/09\/photo_2026-09-05_13-38-08-300x240.jpg 300w, https:\/\/hablemosclarotdf.com.ar\/wp-content\/uploads\/2026\/09\/photo_2026-09-05_13-38-08-1024x819.jpg 1024w, https:\/\/hablemosclarotdf.com.ar\/wp-content\/uploads\/2026\/09\/photo_2026-09-05_13-38-08-768x614.jpg 768w, https:\/\/hablemosclarotdf.com.ar\/wp-content\/uploads\/2026\/09\/photo_2026-09-05_13-38-08.jpg 1280w\" sizes=\"auto, (max-width: 300px) 100vw, 300px\" \/> <img loading=\"lazy\" decoding=\"async\" class=\"alignnone size-medium wp-image-83394\" src=\"https:\/\/hablemosclarotdf.com.ar\/wp-content\/uploads\/2026\/09\/photo_2026-09-05_13-38-13-300x240.jpg\" alt=\"\" width=\"300\" height=\"240\" srcset=\"https:\/\/hablemosclarotdf.com.ar\/wp-content\/uploads\/2026\/09\/photo_2026-09-05_13-38-13-300x240.jpg 300w, https:\/\/hablemosclarotdf.com.ar\/wp-content\/uploads\/2026\/09\/photo_2026-09-05_13-38-13-1024x819.jpg 1024w, https:\/\/hablemosclarotdf.com.ar\/wp-content\/uploads\/2026\/09\/photo_2026-09-05_13-38-13-768x614.jpg 768w, https:\/\/hablemosclarotdf.com.ar\/wp-content\/uploads\/2026\/09\/photo_2026-09-05_13-38-13.jpg 1280w\" sizes=\"auto, (max-width: 300px) 100vw, 300px\" \/><\/p>\n","protected":false},"excerpt":{"rendered":"<p>El Museo Municipal \u201cVirginia Choquintel\u201d fue escenario de la presentaci\u00f3n del documental \u201cSiguiendo la ruta&#8230;<\/p>\n","protected":false},"author":1,"featured_media":83391,"comment_status":"closed","ping_status":"closed","sticky":false,"template":"","format":"standard","meta":{"footnotes":""},"categories":[3],"tags":[],"class_list":["post-83390","post","type-post","status-publish","format-standard","has-post-thumbnail","hentry","category-noticias"],"jetpack_featured_media_url":"https:\/\/hablemosclarotdf.com.ar\/wp-content\/uploads\/2026\/09\/photo_2026-09-05_13-38-00.jpg","_links":{"self":[{"href":"https:\/\/hablemosclarotdf.com.ar\/index.php?rest_route=\/wp\/v2\/posts\/83390","targetHints":{"allow":["GET"]}}],"collection":[{"href":"https:\/\/hablemosclarotdf.com.ar\/index.php?rest_route=\/wp\/v2\/posts"}],"about":[{"href":"https:\/\/hablemosclarotdf.com.ar\/index.php?rest_route=\/wp\/v2\/types\/post"}],"author":[{"embeddable":true,"href":"https:\/\/hablemosclarotdf.com.ar\/index.php?rest_route=\/wp\/v2\/users\/1"}],"replies":[{"embeddable":true,"href":"https:\/\/hablemosclarotdf.com.ar\/index.php?rest_route=%2Fwp%2Fv2%2Fcomments&post=83390"}],"version-history":[{"count":1,"href":"https:\/\/hablemosclarotdf.com.ar\/index.php?rest_route=\/wp\/v2\/posts\/83390\/revisions"}],"predecessor-version":[{"id":83395,"href":"https:\/\/hablemosclarotdf.com.ar\/index.php?rest_route=\/wp\/v2\/posts\/83390\/revisions\/83395"}],"wp:featuredmedia":[{"embeddable":true,"href":"https:\/\/hablemosclarotdf.com.ar\/index.php?rest_route=\/wp\/v2\/media\/83391"}],"wp:attachment":[{"href":"https:\/\/hablemosclarotdf.com.ar\/index.php?rest_route=%2Fwp%2Fv2%2Fmedia&parent=83390"}],"wp:term":[{"taxonomy":"category","embeddable":true,"href":"https:\/\/hablemosclarotdf.com.ar\/index.php?rest_route=%2Fwp%2Fv2%2Fcategories&post=83390"},{"taxonomy":"post_tag","embeddable":true,"href":"https:\/\/hablemosclarotdf.com.ar\/index.php?rest_route=%2Fwp%2Fv2%2Ftags&post=83390"}],"curies":[{"name":"wp","href":"https:\/\/api.w.org\/{rel}","templated":true}]}}