{"id":83383,"date":"2026-09-05T12:11:57","date_gmt":"2026-09-05T15:11:57","guid":{"rendered":"https:\/\/hablemosclarotdf.com.ar\/?p=83383"},"modified":"2026-09-05T12:11:57","modified_gmt":"2026-09-05T15:11:57","slug":"ushuaia-vuoto-pidio-conocer-los-alcances-del-proyecto-de-reactivacion-de-la-base-naval","status":"publish","type":"post","link":"https:\/\/hablemosclarotdf.com.ar\/?p=83383","title":{"rendered":"USHUAIA : VUOTO PIDI\u00d3 CONOCER LOS ALCANCES DEL PROYECTO DE REACTIVACI\u00d3N DE LA BASE NAVAL"},"content":{"rendered":"<p>El intendente de Ushuaia, Walter Vuoto, valor\u00f3 el anuncio del Gobierno nacional de retomar la construcci\u00f3n de la Base Naval Integrada en la ciudad y pidi\u00f3 conocer los alcances concretos del proyecto de reactivaci\u00f3n, su esquema de financiamiento y el impacto que tendr\u00e1 sobre Ushuaia.<\/p>\n<p>Durante una entrevista con C5N, Vuoto destac\u00f3 que existe coincidencia en la necesidad de fortalecer la presencia de la Armada Argentina en Tierra del Fuego y de consolidar el rol estrat\u00e9gico de Ushuaia como puerta de entrada a la Ant\u00e1rtida y polo log\u00edstico del Atl\u00e1ntico Sur.<\/p>\n<p>En ese sentido, record\u00f3 que la construcci\u00f3n de la Base Naval Integrada comenz\u00f3 en 2022, durante la gesti\u00f3n del entonces ministro de Defensa Jorge Taiana, con la colocaci\u00f3n de la piedra fundamental y el inicio de los trabajos. Vuoto cuestion\u00f3 que esa obra haya sido posteriormente paralizada por la actual gesti\u00f3n nacional y se\u00f1al\u00f3 que ahora se anuncia su reactivaci\u00f3n.<\/p>\n<p>\u201cEstamos de acuerdo con que tiene que haber mayor presencia de la Armada Argentina, que es quien se encarga de la log\u00edstica ant\u00e1rtica. Estamos de acuerdo con una base integrada que, adem\u00e1s, genere o ampl\u00ede la matriz productiva de la ciudad\u201d, sostuvo el Intendente.<\/p>\n<p>Vuoto plante\u00f3, sin embargo, que el anuncio debe ser acompa\u00f1ado por precisiones respecto de c\u00f3mo se llevar\u00e1 adelante la reactivaci\u00f3n. \u201cHay que ver la letra fina, lo que se va a discutir en la ley que manda al Congreso\u201d, se\u00f1al\u00f3, y remarc\u00f3 que hasta el momento el Municipio no fue convocado para conocer los detalles de la iniciativa.<\/p>\n<p>El Intendente explic\u00f3 que, por las caracter\u00edsticas y ubicaci\u00f3n de las tierras de la Armada en Ushuaia, una obra de esta magnitud tendr\u00e1 incidencia directa en la planificaci\u00f3n de la ciudad, en su crecimiento y en los flujos log\u00edsticos. \u201cUshuaia va a querer saber de qu\u00e9 se trata, c\u00f3mo se va a desarrollar y c\u00f3mo va a impactar\u201d, afirm\u00f3.<\/p>\n<p>Al mismo tiempo, Vuoto advirti\u00f3 que la defensa de la soberan\u00eda argentina en el Atl\u00e1ntico Sur no puede limitarse a determinados anuncios y reclam\u00f3 una mirada integral que incluya los recursos naturales y econ\u00f3micos de la regi\u00f3n. En particular, se\u00f1al\u00f3 que el discurso presidencial sobre Malvinas no hizo referencia a la explotaci\u00f3n de los recursos pesqueros, cuya actividad en el \u00e1rea de las islas genera importantes beneficios econ\u00f3micos para el Reino Unido.<\/p>\n<p>\u201cLas petroleras vienen hace nueve o diez a\u00f1os avanzando sobre la explotaci\u00f3n de nuestros recursos. Y no son solamente los recursos petroleros: tambi\u00e9n est\u00e1n los recursos pesqueros, que le dan millones y millones de d\u00f3lares de ganancia a Inglaterra\u201d, sostuvo.<\/p>\n<p>En esa l\u00ednea, Vuoto consider\u00f3 necesario que cualquier pol\u00edtica vinculada con Malvinas y el Atl\u00e1ntico Sur mantenga coherencia entre los anuncios y las decisiones concretas. \u201cEstamos dispuestos a trabajar, pero no estamos dispuestos a que se use la causa Malvinas en funci\u00f3n de otros intereses que no sean los intereses argentinos\u201d, afirm\u00f3.<\/p>\n<p>Finalmente, Vuoto sostuvo que el fortalecimiento de la Base Naval debe formar parte de una pol\u00edtica estrat\u00e9gica que contemple la defensa, la soberan\u00eda, la actividad ant\u00e1rtica y el desarrollo productivo de Tierra del Fuego, y reafirm\u00f3 que Ushuaia debe ser parte de la discusi\u00f3n.<\/p>\n<p>\u201cEstamos de acuerdo con esta base. Ahora, hay que ver cu\u00e1l es la letra chica\u201d, concluy\u00f3.<\/p>\n","protected":false},"excerpt":{"rendered":"<p>El intendente de Ushuaia, Walter Vuoto, valor\u00f3 el anuncio del Gobierno nacional de retomar la&#8230;<\/p>\n","protected":false},"author":1,"featured_media":83384,"comment_status":"closed","ping_status":"closed","sticky":false,"template":"","format":"standard","meta":{"footnotes":""},"categories":[3],"tags":[],"class_list":["post-83383","post","type-post","status-publish","format-standard","has-post-thumbnail","hentry","category-noticias"],"jetpack_featured_media_url":"https:\/\/hablemosclarotdf.com.ar\/wp-content\/uploads\/2026\/09\/photo_2026-09-05_12-10-54.jpg","_links":{"self":[{"href":"https:\/\/hablemosclarotdf.com.ar\/index.php?rest_route=\/wp\/v2\/posts\/83383","targetHints":{"allow":["GET"]}}],"collection":[{"href":"https:\/\/hablemosclarotdf.com.ar\/index.php?rest_route=\/wp\/v2\/posts"}],"about":[{"href":"https:\/\/hablemosclarotdf.com.ar\/index.php?rest_route=\/wp\/v2\/types\/post"}],"author":[{"embeddable":true,"href":"https:\/\/hablemosclarotdf.com.ar\/index.php?rest_route=\/wp\/v2\/users\/1"}],"replies":[{"embeddable":true,"href":"https:\/\/hablemosclarotdf.com.ar\/index.php?rest_route=%2Fwp%2Fv2%2Fcomments&post=83383"}],"version-history":[{"count":1,"href":"https:\/\/hablemosclarotdf.com.ar\/index.php?rest_route=\/wp\/v2\/posts\/83383\/revisions"}],"predecessor-version":[{"id":83385,"href":"https:\/\/hablemosclarotdf.com.ar\/index.php?rest_route=\/wp\/v2\/posts\/83383\/revisions\/83385"}],"wp:featuredmedia":[{"embeddable":true,"href":"https:\/\/hablemosclarotdf.com.ar\/index.php?rest_route=\/wp\/v2\/media\/83384"}],"wp:attachment":[{"href":"https:\/\/hablemosclarotdf.com.ar\/index.php?rest_route=%2Fwp%2Fv2%2Fmedia&parent=83383"}],"wp:term":[{"taxonomy":"category","embeddable":true,"href":"https:\/\/hablemosclarotdf.com.ar\/index.php?rest_route=%2Fwp%2Fv2%2Fcategories&post=83383"},{"taxonomy":"post_tag","embeddable":true,"href":"https:\/\/hablemosclarotdf.com.ar\/index.php?rest_route=%2Fwp%2Fv2%2Ftags&post=83383"}],"curies":[{"name":"wp","href":"https:\/\/api.w.org\/{rel}","templated":true}]}}