{"id":83379,"date":"2026-09-05T12:05:10","date_gmt":"2026-09-05T15:05:10","guid":{"rendered":"https:\/\/hablemosclarotdf.com.ar\/?p=83379"},"modified":"2026-09-05T12:05:10","modified_gmt":"2026-09-05T15:05:10","slug":"rio-grande-este-sabado-continuan-los-festejos-por-los-25-anos-del-centro-cultural-alem","status":"publish","type":"post","link":"https:\/\/hablemosclarotdf.com.ar\/?p=83379","title":{"rendered":"RIO GRANDE : ESTE S\u00c1BADO CONTIN\u00daAN LOS FESTEJOS POR LOS 25 A\u00d1OS DEL CENTRO CULTURAL ALEM"},"content":{"rendered":"<p><i>En el marco del mes aniversario del Centro Cultural \u201cLeandro N. Alem\u201d, el Municipio de R\u00edo Grande invita a vecinos y vecinas a participar este s\u00e1bado 5 de septiembre de la jornada art\u00edstica \u201cPreviando el cumple\u201d.<\/i><\/p>\n<p>La propuesta comenzar\u00e1 a las 15 horas y ser\u00e1 parte de las actividades previstas para celebrar los 25 a\u00f1os de este emblem\u00e1tico espacio cultural de la ciudad.<\/p>\n<p>La jornada estar\u00e1 destinada a mayores de 16 a\u00f1os y artistas visuales, quienes podr\u00e1n participar de una tarde de collage y origami inspirada especialmente en la historia y trayectoria del Centro Cultural Alem.<\/p>\n<p>Durante el encuentro se realizar\u00e1n distintas producciones art\u00edsticas con motivos alusivos a sus 25 a\u00f1os, generando un espacio de encuentro, creatividad y construcci\u00f3n colectiva en torno a este nuevo aniversario.<\/p>\n<p>\u201cPreviando el cumple\u201d forma parte de la agenda especial que se desarrolla del 4 al 21 de septiembre y que contempla diferentes propuestas vinculadas a las artes visuales, la m\u00fasica, la danza, el teatro y la creatividad para compartir junto a la comunidad.<\/p>\n<p>De esta manera, el Municipio de R\u00edo Grande invita a la comunidad a sumarse a los festejos y ser parte de la construcci\u00f3n colectiva de los 25 a\u00f1os del Centro Cultural Alem, un espacio que forma parte de la historia cultural de la ciudad y que contin\u00faa promoviendo el encuentro, la formaci\u00f3n y la expresi\u00f3n art\u00edstica de las y los riograndenses.<\/p>\n<p>&nbsp;<\/p>\n<p><img loading=\"lazy\" decoding=\"async\" class=\"alignnone size-medium wp-image-83381\" src=\"https:\/\/hablemosclarotdf.com.ar\/wp-content\/uploads\/2026\/09\/photo_2026-09-05_12-04-18-300x200.jpg\" alt=\"\" width=\"300\" height=\"200\" srcset=\"https:\/\/hablemosclarotdf.com.ar\/wp-content\/uploads\/2026\/09\/photo_2026-09-05_12-04-18-300x200.jpg 300w, https:\/\/hablemosclarotdf.com.ar\/wp-content\/uploads\/2026\/09\/photo_2026-09-05_12-04-18-1024x682.jpg 1024w, https:\/\/hablemosclarotdf.com.ar\/wp-content\/uploads\/2026\/09\/photo_2026-09-05_12-04-18-768x511.jpg 768w, https:\/\/hablemosclarotdf.com.ar\/wp-content\/uploads\/2026\/09\/photo_2026-09-05_12-04-18.jpg 1280w\" sizes=\"auto, (max-width: 300px) 100vw, 300px\" \/><\/p>\n","protected":false},"excerpt":{"rendered":"<p>En el marco del mes aniversario del Centro Cultural \u201cLeandro N. Alem\u201d, el Municipio de&#8230;<\/p>\n","protected":false},"author":1,"featured_media":83380,"comment_status":"closed","ping_status":"closed","sticky":false,"template":"","format":"standard","meta":{"footnotes":""},"categories":[3],"tags":[],"class_list":["post-83379","post","type-post","status-publish","format-standard","has-post-thumbnail","hentry","category-noticias"],"jetpack_featured_media_url":"https:\/\/hablemosclarotdf.com.ar\/wp-content\/uploads\/2026\/09\/photo_2026-09-05_12-04-12.jpg","_links":{"self":[{"href":"https:\/\/hablemosclarotdf.com.ar\/index.php?rest_route=\/wp\/v2\/posts\/83379","targetHints":{"allow":["GET"]}}],"collection":[{"href":"https:\/\/hablemosclarotdf.com.ar\/index.php?rest_route=\/wp\/v2\/posts"}],"about":[{"href":"https:\/\/hablemosclarotdf.com.ar\/index.php?rest_route=\/wp\/v2\/types\/post"}],"author":[{"embeddable":true,"href":"https:\/\/hablemosclarotdf.com.ar\/index.php?rest_route=\/wp\/v2\/users\/1"}],"replies":[{"embeddable":true,"href":"https:\/\/hablemosclarotdf.com.ar\/index.php?rest_route=%2Fwp%2Fv2%2Fcomments&post=83379"}],"version-history":[{"count":1,"href":"https:\/\/hablemosclarotdf.com.ar\/index.php?rest_route=\/wp\/v2\/posts\/83379\/revisions"}],"predecessor-version":[{"id":83382,"href":"https:\/\/hablemosclarotdf.com.ar\/index.php?rest_route=\/wp\/v2\/posts\/83379\/revisions\/83382"}],"wp:featuredmedia":[{"embeddable":true,"href":"https:\/\/hablemosclarotdf.com.ar\/index.php?rest_route=\/wp\/v2\/media\/83380"}],"wp:attachment":[{"href":"https:\/\/hablemosclarotdf.com.ar\/index.php?rest_route=%2Fwp%2Fv2%2Fmedia&parent=83379"}],"wp:term":[{"taxonomy":"category","embeddable":true,"href":"https:\/\/hablemosclarotdf.com.ar\/index.php?rest_route=%2Fwp%2Fv2%2Fcategories&post=83379"},{"taxonomy":"post_tag","embeddable":true,"href":"https:\/\/hablemosclarotdf.com.ar\/index.php?rest_route=%2Fwp%2Fv2%2Ftags&post=83379"}],"curies":[{"name":"wp","href":"https:\/\/api.w.org\/{rel}","templated":true}]}}