{"id":83333,"date":"2026-09-04T18:19:17","date_gmt":"2026-09-04T21:19:17","guid":{"rendered":"https:\/\/hablemosclarotdf.com.ar\/?p=83333"},"modified":"2026-09-04T18:19:17","modified_gmt":"2026-09-04T21:19:17","slug":"ushuaia-vuoto-valoro-que-nacion-retome-la-obra-de-la-base-naval-integrada-ya-tiene-un-10-de-avance-y-podria-haber-estado-terminada","status":"publish","type":"post","link":"https:\/\/hablemosclarotdf.com.ar\/?p=83333","title":{"rendered":"USHUAIA : VUOTO VALOR\u00d3 QUE NACI\u00d3N RETOME LA OBRA DE LA BASE NAVAL INTEGRADA: \u201cYA TIENE UN 10% DE AVANCE Y PODR\u00cdA HABER ESTADO TERMINADA\u201d"},"content":{"rendered":"<p>El intendente de Ushuaia, Walter Vuoto, valor\u00f3 que el Gobierno nacional haya retomado la obra de la Base Naval Integrada en Ushuaia, aunque remarc\u00f3 que se trata de un proyecto que ya contaba con presupuesto nacional y que actualmente registra un 10% de avance de obra. \u201cEs una base que \u00e9l mismo fren\u00f3 y que, inclusive, ya podr\u00eda haber estado terminada\u201d, sostuvo.<\/p>\n<p>En declaraciones al periodista Reynaldo Sietecase, Vuoto destac\u00f3 que desde la ciudad siempre se acompa\u00f1\u00f3 la ampliaci\u00f3n de las capacidades operativas de la Base Naval Ushuaia, por el rol estrat\u00e9gico que tiene la ciudad en el Atl\u00e1ntico Sur y, particularmente, en la log\u00edstica ant\u00e1rtica.<\/p>\n<p>\u201cSiempre hemos estado de acuerdo desde la ciudad, sobre todo porque entendemos cu\u00e1l es el rol geoestrat\u00e9gico y geopol\u00edtico que va a tener Ushuaia, que siempre tuvo, pero que ahora se va a profundizar\u201d, se\u00f1al\u00f3 el intendente.<\/p>\n<p>Vuoto record\u00f3 que el proyecto de la Base Naval Integrada fue planteado en 2022 y permaneci\u00f3 durante tres a\u00f1os contemplado en el Presupuesto Nacional. En ese sentido, sostuvo que la obra podr\u00eda haber tenido un avance sustancialmente mayor y destac\u00f3 que actualmente ya cuenta con un 10% de ejecuci\u00f3n.<\/p>\n<p>El intendente explic\u00f3 que la iniciativa busca ampliar las capacidades operativas de Ushuaia para fortalecer la log\u00edstica ant\u00e1rtica, tanto para las operaciones del Estado como para las actividades vinculadas al sector privado. \u201cLa Ant\u00e1rtida es la discusi\u00f3n de los pr\u00f3ximos 20, 30 a\u00f1os y quiz\u00e1s m\u00e1s\u201d, afirm\u00f3.<\/p>\n<p>A su vez, Vuoto plante\u00f3 la necesidad de conocer los detalles del anuncio realizado por el Presidente y la letra del proyecto que deber\u00e1 ser debatido en el Congreso. \u201cLo que escuchamos ayer fue un t\u00edtulo, hay que ver cu\u00e1l es la letra fina de todo esto\u201d, advirti\u00f3.<\/p>\n<p>En particular, sostuvo que cualquier fortalecimiento de la infraestructura estrat\u00e9gica en Ushuaia debe estar orientado a consolidar las capacidades nacionales. \u201cEstamos de acuerdo con una base que sea manejada estrat\u00e9gicamente por nuestras Fuerzas Armadas y para nuestra log\u00edstica ant\u00e1rtica\u201d, afirm\u00f3.<\/p>\n<p>Por otra parte, Vuoto destac\u00f3 que la recuperaci\u00f3n de la agenda Malvinas constituye una oportunidad para volver a poner en el centro la defensa de los recursos del Atl\u00e1ntico Sur. En ese sentido, record\u00f3 que Tierra del Fuego viene denunciando desde hace a\u00f1os la explotaci\u00f3n de petr\u00f3leo y pesca en las Islas Malvinas.<\/p>\n<p>\u201cEn Ushuaia y en Tierra del Fuego, sobre todo, la cuesti\u00f3n Malvinas, la causa Malvinas, es una causa del d\u00eda a d\u00eda\u201d, expres\u00f3.<\/p>\n<p>Finalmente, el intendente pidi\u00f3 mantener una mirada integral sobre las decisiones que se adopten en torno al Atl\u00e1ntico Sur y prestar especial atenci\u00f3n a los acuerdos que puedan surgir entre Argentina y Chile, particularmente ante las versiones sobre una posible ruta comercial desde Punta Arenas hacia Malvinas.<\/p>\n<p>\u201cQu\u00e9 bueno que retom\u00f3 la agenda, pero no vaya a ser que vengamos con una mirada nacionalista a generar una agenda Malvinas desde ac\u00e1, una Base Naval, y por el otro lado nos est\u00e9n abriendo una ruta comercial en Punta Arenas para sacar el petr\u00f3leo de Malvinas\u201d, advirti\u00f3.<\/p>\n<p>El intendente de Ushuaia, Walter Vuoto, valor\u00f3 que el Gobierno nacional haya retomado la obra de la Base Naval Integrada en Ushuaia, aunque remarc\u00f3 que se trata de un proyecto que ya contaba con presupuesto nacional y que actualmente registra un 10% de avance de obra. \u201cEs una base que \u00e9l mismo fren\u00f3 y que, inclusive, ya podr\u00eda haber estado terminada\u201d, sostuvo.<\/p>\n<p>En declaraciones al periodista Reynaldo Sietecase, Vuoto destac\u00f3 que desde la ciudad siempre se acompa\u00f1\u00f3 la ampliaci\u00f3n de las capacidades operativas de la Base Naval Ushuaia, por el rol estrat\u00e9gico que tiene la ciudad en el Atl\u00e1ntico Sur y, particularmente, en la log\u00edstica ant\u00e1rtica.<\/p>\n<p>\u201cSiempre hemos estado de acuerdo desde la ciudad, sobre todo porque entendemos cu\u00e1l es el rol geoestrat\u00e9gico y geopol\u00edtico que va a tener Ushuaia, que siempre tuvo, pero que ahora se va a profundizar\u201d, se\u00f1al\u00f3 el intendente.<\/p>\n<p>Vuoto record\u00f3 que el proyecto de la Base Naval Integrada fue planteado en 2022 y permaneci\u00f3 durante tres a\u00f1os contemplado en el Presupuesto Nacional. En ese sentido, sostuvo que la obra podr\u00eda haber tenido un avance sustancialmente mayor y destac\u00f3 que actualmente ya cuenta con un 10% de ejecuci\u00f3n.<\/p>\n<p>El intendente explic\u00f3 que la iniciativa busca ampliar las capacidades operativas de Ushuaia para fortalecer la log\u00edstica ant\u00e1rtica, tanto para las operaciones del Estado como para las actividades vinculadas al sector privado. \u201cLa Ant\u00e1rtida es la discusi\u00f3n de los pr\u00f3ximos 20, 30 a\u00f1os y quiz\u00e1s m\u00e1s\u201d, afirm\u00f3.<\/p>\n<p>A su vez, Vuoto plante\u00f3 la necesidad de conocer los detalles del anuncio realizado por el Presidente y la letra del proyecto que deber\u00e1 ser debatido en el Congreso. \u201cLo que escuchamos ayer fue un t\u00edtulo, hay que ver cu\u00e1l es la letra fina de todo esto\u201d, advirti\u00f3.<\/p>\n<p>En particular, sostuvo que cualquier fortalecimiento de la infraestructura estrat\u00e9gica en Ushuaia debe estar orientado a consolidar las capacidades nacionales. \u201cEstamos de acuerdo con una base que sea manejada estrat\u00e9gicamente por nuestras Fuerzas Armadas y para nuestra log\u00edstica ant\u00e1rtica\u201d, afirm\u00f3.<\/p>\n<p>Por otra parte, Vuoto destac\u00f3 que la recuperaci\u00f3n de la agenda Malvinas constituye una oportunidad para volver a poner en el centro la defensa de los recursos del Atl\u00e1ntico Sur. En ese sentido, record\u00f3 que Tierra del Fuego viene denunciando desde hace a\u00f1os la explotaci\u00f3n de petr\u00f3leo y pesca en las Islas Malvinas.<\/p>\n<p>\u201cEn Ushuaia y en Tierra del Fuego, sobre todo, la cuesti\u00f3n Malvinas, la causa Malvinas, es una causa del d\u00eda a d\u00eda\u201d, expres\u00f3.<\/p>\n<p>Finalmente, el intendente pidi\u00f3 mantener una mirada integral sobre las decisiones que se adopten en torno al Atl\u00e1ntico Sur y prestar especial atenci\u00f3n a los acuerdos que puedan surgir entre Argentina y Chile, particularmente ante las versiones sobre una posible ruta comercial desde Punta Arenas hacia Malvinas.<\/p>\n<p>\u201cQu\u00e9 bueno que retom\u00f3 la agenda, pero no vaya a ser que vengamos con una mirada nacionalista a generar una agenda Malvinas desde ac\u00e1, una Base Naval, y por el otro lado nos est\u00e9n abriendo una ruta comercial en Punta Arenas para sacar el petr\u00f3leo de Malvinas\u201d, advirti\u00f3.<\/p>\n<p><img loading=\"lazy\" decoding=\"async\" class=\"alignnone size-medium wp-image-83335\" src=\"https:\/\/hablemosclarotdf.com.ar\/wp-content\/uploads\/2026\/09\/photo_2026-09-04_18-16-45-300x200.jpg\" alt=\"\" width=\"300\" height=\"200\" srcset=\"https:\/\/hablemosclarotdf.com.ar\/wp-content\/uploads\/2026\/09\/photo_2026-09-04_18-16-45-300x200.jpg 300w, https:\/\/hablemosclarotdf.com.ar\/wp-content\/uploads\/2026\/09\/photo_2026-09-04_18-16-45-1024x682.jpg 1024w, https:\/\/hablemosclarotdf.com.ar\/wp-content\/uploads\/2026\/09\/photo_2026-09-04_18-16-45-768x512.jpg 768w, https:\/\/hablemosclarotdf.com.ar\/wp-content\/uploads\/2026\/09\/photo_2026-09-04_18-16-45.jpg 1280w\" sizes=\"auto, (max-width: 300px) 100vw, 300px\" \/><\/p>\n","protected":false},"excerpt":{"rendered":"<p>El intendente de Ushuaia, Walter Vuoto, valor\u00f3 que el Gobierno nacional haya retomado la obra&#8230;<\/p>\n","protected":false},"author":1,"featured_media":83334,"comment_status":"closed","ping_status":"closed","sticky":false,"template":"","format":"standard","meta":{"footnotes":""},"categories":[3],"tags":[],"class_list":["post-83333","post","type-post","status-publish","format-standard","has-post-thumbnail","hentry","category-noticias"],"jetpack_featured_media_url":"https:\/\/hablemosclarotdf.com.ar\/wp-content\/uploads\/2026\/09\/photo_2026-09-04_18-16-36.jpg","_links":{"self":[{"href":"https:\/\/hablemosclarotdf.com.ar\/index.php?rest_route=\/wp\/v2\/posts\/83333","targetHints":{"allow":["GET"]}}],"collection":[{"href":"https:\/\/hablemosclarotdf.com.ar\/index.php?rest_route=\/wp\/v2\/posts"}],"about":[{"href":"https:\/\/hablemosclarotdf.com.ar\/index.php?rest_route=\/wp\/v2\/types\/post"}],"author":[{"embeddable":true,"href":"https:\/\/hablemosclarotdf.com.ar\/index.php?rest_route=\/wp\/v2\/users\/1"}],"replies":[{"embeddable":true,"href":"https:\/\/hablemosclarotdf.com.ar\/index.php?rest_route=%2Fwp%2Fv2%2Fcomments&post=83333"}],"version-history":[{"count":1,"href":"https:\/\/hablemosclarotdf.com.ar\/index.php?rest_route=\/wp\/v2\/posts\/83333\/revisions"}],"predecessor-version":[{"id":83336,"href":"https:\/\/hablemosclarotdf.com.ar\/index.php?rest_route=\/wp\/v2\/posts\/83333\/revisions\/83336"}],"wp:featuredmedia":[{"embeddable":true,"href":"https:\/\/hablemosclarotdf.com.ar\/index.php?rest_route=\/wp\/v2\/media\/83334"}],"wp:attachment":[{"href":"https:\/\/hablemosclarotdf.com.ar\/index.php?rest_route=%2Fwp%2Fv2%2Fmedia&parent=83333"}],"wp:term":[{"taxonomy":"category","embeddable":true,"href":"https:\/\/hablemosclarotdf.com.ar\/index.php?rest_route=%2Fwp%2Fv2%2Fcategories&post=83333"},{"taxonomy":"post_tag","embeddable":true,"href":"https:\/\/hablemosclarotdf.com.ar\/index.php?rest_route=%2Fwp%2Fv2%2Ftags&post=83333"}],"curies":[{"name":"wp","href":"https:\/\/api.w.org\/{rel}","templated":true}]}}