{"id":83322,"date":"2026-09-04T16:06:16","date_gmt":"2026-09-04T19:06:16","guid":{"rendered":"https:\/\/hablemosclarotdf.com.ar\/?p=83322"},"modified":"2026-09-04T16:06:16","modified_gmt":"2026-09-04T19:06:16","slug":"rio-grande-el-municipio-acompano-el-ingreso-de-50-jovenes-riograndenses-a-la-base-aeronaval","status":"publish","type":"post","link":"https:\/\/hablemosclarotdf.com.ar\/?p=83322","title":{"rendered":"RIO GRANDE : EL MUNICIPIO ACOMPA\u00d1\u00d3 EL INGRESO DE 50 J\u00d3VENES RIOGRANDENSES A LA BASE AERONAVAL"},"content":{"rendered":"<p><i>El Municipio de R\u00edo Grande estuvo presente en el acto oficial realizado en la Base Aeronaval, donde 50 j\u00f3venes de la ciudad comenzaron el curso de formaci\u00f3n de dos meses para integrar las filas de la instituci\u00f3n. Cabe destacar que es la primera vez que esta instancia de ingreso se dicta \u00edntegramente a nivel local.<\/i><\/p>\n<p>En representaci\u00f3n del Municipio, particip\u00f3 el secretario de Gesti\u00f3n Ciudadana, Gonzalo Ferro, junto al secretario de Gobierno, Gast\u00f3n D\u00edaz; el subsecretario de Servicios y Seguridad Ciudadana, Javier Calisaya; el director general de Prevenci\u00f3n y Seguridad Ciudadana, Agust\u00edn Colombera; y el director de Servicios de la Salud, Dr. Fabi\u00e1n Baeza.<\/p>\n<p>Con el objetivo de acompa\u00f1ar a los futuros servidores p\u00fablicos y garantizar que puedan completar su formaci\u00f3n en \u00f3ptimas condiciones, el Estado Municipal despleg\u00f3 un abordaje integral brindando apoyo en salud, educaci\u00f3n y movilidad.<\/p>\n<p>Desde el \u00e1rea de Salud se garantiz\u00f3 el acceso a los estudios correspondientes al apto f\u00edsico, controles bucodentales y estudios necesarios para el ingreso.<\/p>\n<p>Asimismo, el Municipio concret\u00f3 la donaci\u00f3n de 15 computadoras que permitieron la conformaci\u00f3n de un nuevo espacio inform\u00e1tico con el fin de que los ingresantes puedan culminar sus estudios secundarios y acceder a distintos programas de formaci\u00f3n y conocimiento.<\/p>\n<p>Por \u00faltimo, se dispuso garantizar el transporte p\u00fablico gratuito para todos los j\u00f3venes durante los dos meses que se extienda el proceso formativo.<\/p>\n<p>Al respecto, el secretario de Gesti\u00f3n Ciudadana, Gonzalo Ferro destac\u00f3 que \u201cR\u00edo Grande es la ciudad de la soberan\u00eda y tiene un agradecimiento y un reconocimiento muy profundo hacia las Fuerzas Armadas. En este caso, la Base Aeronaval R\u00edo Grande, es una instituci\u00f3n que ha tenido un rol estrat\u00e9gico durante la gesta de Malvinas y que hoy est\u00e1 incorporando ingresantes riograndenses\u201d.<\/p>\n<p>En esa misma l\u00ednea, subray\u00f3 que \u201cpara nosotros, como Municipio, es fundamental el rol de las Fuerzas Armadas. Por eso, acompa\u00f1amos este proceso, garantizando el acceso a los servicios de salud necesarios para realizar los estudios preocupacionales y, tambi\u00e9n, conformando este espacio de aprendizaje y de acceso a los estudios. De esta manera, R\u00edo Grande suma vecinos y vecinas al servicio de las Fuerzas Armadas y, al mismo tiempo, al servicio de nuestra ciudad\u201d.<\/p>\n<p>Por su parte, jefe de Base Aeronaval R\u00edo Grande, Diego Alejandro Mazza, sostuvo: \u201cqueremos agradecer a las autoridades del Municipio por la donaci\u00f3n de las computadoras, que permitir\u00e1n que aquellos marineros que no hayan podido completar sus estudios secundarios puedan hacerlo dentro de la instituci\u00f3n\u201d.<\/p>\n<p>Asimismo, se\u00f1al\u00f3 que \u201cestas nuevas herramientas, adem\u00e1s permitir\u00e1n que los ingresantes puedan capacitarse en un oficio espec\u00edfico, vinculado a las funciones que posteriormente comenzar\u00e1n a desempe\u00f1ar dentro de la Armada y de la Aviaci\u00f3n Naval\u201d.<\/p>\n<p><img loading=\"lazy\" decoding=\"async\" class=\"alignnone size-medium wp-image-83324\" src=\"https:\/\/hablemosclarotdf.com.ar\/wp-content\/uploads\/2026\/09\/photo_2026-09-04_16-04-24-300x225.jpg\" alt=\"\" width=\"300\" height=\"225\" srcset=\"https:\/\/hablemosclarotdf.com.ar\/wp-content\/uploads\/2026\/09\/photo_2026-09-04_16-04-24-300x225.jpg 300w, https:\/\/hablemosclarotdf.com.ar\/wp-content\/uploads\/2026\/09\/photo_2026-09-04_16-04-24-1024x766.jpg 1024w, https:\/\/hablemosclarotdf.com.ar\/wp-content\/uploads\/2026\/09\/photo_2026-09-04_16-04-24-768x575.jpg 768w, https:\/\/hablemosclarotdf.com.ar\/wp-content\/uploads\/2026\/09\/photo_2026-09-04_16-04-24.jpg 1280w\" sizes=\"auto, (max-width: 300px) 100vw, 300px\" \/> <img loading=\"lazy\" decoding=\"async\" class=\"alignnone size-medium wp-image-83325\" src=\"https:\/\/hablemosclarotdf.com.ar\/wp-content\/uploads\/2026\/09\/photo_2026-09-04_16-04-30-300x225.jpg\" alt=\"\" width=\"300\" height=\"225\" srcset=\"https:\/\/hablemosclarotdf.com.ar\/wp-content\/uploads\/2026\/09\/photo_2026-09-04_16-04-30-300x225.jpg 300w, https:\/\/hablemosclarotdf.com.ar\/wp-content\/uploads\/2026\/09\/photo_2026-09-04_16-04-30-1024x766.jpg 1024w, https:\/\/hablemosclarotdf.com.ar\/wp-content\/uploads\/2026\/09\/photo_2026-09-04_16-04-30-768x575.jpg 768w, https:\/\/hablemosclarotdf.com.ar\/wp-content\/uploads\/2026\/09\/photo_2026-09-04_16-04-30.jpg 1280w\" sizes=\"auto, (max-width: 300px) 100vw, 300px\" \/> <img loading=\"lazy\" decoding=\"async\" class=\"alignnone size-medium wp-image-83326\" src=\"https:\/\/hablemosclarotdf.com.ar\/wp-content\/uploads\/2026\/09\/photo_2026-09-04_16-04-37-300x225.jpg\" alt=\"\" width=\"300\" height=\"225\" srcset=\"https:\/\/hablemosclarotdf.com.ar\/wp-content\/uploads\/2026\/09\/photo_2026-09-04_16-04-37-300x225.jpg 300w, https:\/\/hablemosclarotdf.com.ar\/wp-content\/uploads\/2026\/09\/photo_2026-09-04_16-04-37-1024x768.jpg 1024w, https:\/\/hablemosclarotdf.com.ar\/wp-content\/uploads\/2026\/09\/photo_2026-09-04_16-04-37-768x576.jpg 768w, https:\/\/hablemosclarotdf.com.ar\/wp-content\/uploads\/2026\/09\/photo_2026-09-04_16-04-37.jpg 1280w\" sizes=\"auto, (max-width: 300px) 100vw, 300px\" \/> <img loading=\"lazy\" decoding=\"async\" class=\"alignnone size-medium wp-image-83327\" src=\"https:\/\/hablemosclarotdf.com.ar\/wp-content\/uploads\/2026\/09\/photo_2026-09-04_16-04-42-300x225.jpg\" alt=\"\" width=\"300\" height=\"225\" srcset=\"https:\/\/hablemosclarotdf.com.ar\/wp-content\/uploads\/2026\/09\/photo_2026-09-04_16-04-42-300x225.jpg 300w, https:\/\/hablemosclarotdf.com.ar\/wp-content\/uploads\/2026\/09\/photo_2026-09-04_16-04-42-1024x767.jpg 1024w, https:\/\/hablemosclarotdf.com.ar\/wp-content\/uploads\/2026\/09\/photo_2026-09-04_16-04-42-768x575.jpg 768w, https:\/\/hablemosclarotdf.com.ar\/wp-content\/uploads\/2026\/09\/photo_2026-09-04_16-04-42.jpg 1280w\" sizes=\"auto, (max-width: 300px) 100vw, 300px\" \/> <img loading=\"lazy\" decoding=\"async\" class=\"alignnone size-medium wp-image-83328\" src=\"https:\/\/hablemosclarotdf.com.ar\/wp-content\/uploads\/2026\/09\/photo_2026-09-04_16-04-47-300x225.jpg\" alt=\"\" width=\"300\" height=\"225\" srcset=\"https:\/\/hablemosclarotdf.com.ar\/wp-content\/uploads\/2026\/09\/photo_2026-09-04_16-04-47-300x225.jpg 300w, https:\/\/hablemosclarotdf.com.ar\/wp-content\/uploads\/2026\/09\/photo_2026-09-04_16-04-47-1024x767.jpg 1024w, https:\/\/hablemosclarotdf.com.ar\/wp-content\/uploads\/2026\/09\/photo_2026-09-04_16-04-47-768x575.jpg 768w, https:\/\/hablemosclarotdf.com.ar\/wp-content\/uploads\/2026\/09\/photo_2026-09-04_16-04-47.jpg 1280w\" sizes=\"auto, (max-width: 300px) 100vw, 300px\" \/><\/p>\n","protected":false},"excerpt":{"rendered":"<p>El Municipio de R\u00edo Grande estuvo presente en el acto oficial realizado en la Base&#8230;<\/p>\n","protected":false},"author":1,"featured_media":83323,"comment_status":"closed","ping_status":"closed","sticky":false,"template":"","format":"standard","meta":{"footnotes":""},"categories":[3],"tags":[],"class_list":["post-83322","post","type-post","status-publish","format-standard","has-post-thumbnail","hentry","category-noticias"],"jetpack_featured_media_url":"https:\/\/hablemosclarotdf.com.ar\/wp-content\/uploads\/2026\/09\/photo_2026-09-04_16-04-21.jpg","_links":{"self":[{"href":"https:\/\/hablemosclarotdf.com.ar\/index.php?rest_route=\/wp\/v2\/posts\/83322","targetHints":{"allow":["GET"]}}],"collection":[{"href":"https:\/\/hablemosclarotdf.com.ar\/index.php?rest_route=\/wp\/v2\/posts"}],"about":[{"href":"https:\/\/hablemosclarotdf.com.ar\/index.php?rest_route=\/wp\/v2\/types\/post"}],"author":[{"embeddable":true,"href":"https:\/\/hablemosclarotdf.com.ar\/index.php?rest_route=\/wp\/v2\/users\/1"}],"replies":[{"embeddable":true,"href":"https:\/\/hablemosclarotdf.com.ar\/index.php?rest_route=%2Fwp%2Fv2%2Fcomments&post=83322"}],"version-history":[{"count":1,"href":"https:\/\/hablemosclarotdf.com.ar\/index.php?rest_route=\/wp\/v2\/posts\/83322\/revisions"}],"predecessor-version":[{"id":83329,"href":"https:\/\/hablemosclarotdf.com.ar\/index.php?rest_route=\/wp\/v2\/posts\/83322\/revisions\/83329"}],"wp:featuredmedia":[{"embeddable":true,"href":"https:\/\/hablemosclarotdf.com.ar\/index.php?rest_route=\/wp\/v2\/media\/83323"}],"wp:attachment":[{"href":"https:\/\/hablemosclarotdf.com.ar\/index.php?rest_route=%2Fwp%2Fv2%2Fmedia&parent=83322"}],"wp:term":[{"taxonomy":"category","embeddable":true,"href":"https:\/\/hablemosclarotdf.com.ar\/index.php?rest_route=%2Fwp%2Fv2%2Fcategories&post=83322"},{"taxonomy":"post_tag","embeddable":true,"href":"https:\/\/hablemosclarotdf.com.ar\/index.php?rest_route=%2Fwp%2Fv2%2Ftags&post=83322"}],"curies":[{"name":"wp","href":"https:\/\/api.w.org\/{rel}","templated":true}]}}