{"id":83316,"date":"2026-09-04T16:00:06","date_gmt":"2026-09-04T19:00:06","guid":{"rendered":"https:\/\/hablemosclarotdf.com.ar\/?p=83316"},"modified":"2026-09-04T16:00:06","modified_gmt":"2026-09-04T19:00:06","slug":"rio-grande-disfruta-de-un-nuevo-fin-de-semana","status":"publish","type":"post","link":"https:\/\/hablemosclarotdf.com.ar\/?p=83316","title":{"rendered":"RIO GRANDE : DISFRUT\u00c1 DE UN NUEVO FIN DE SEMANA"},"content":{"rendered":"<p><i>CONOC\u00c9 LA MUESTRA \u201cSIGUIENDO LA RUTA DE LA AEROPOSTA, 10 A\u00d1OS DESPU\u00c9S\u201d<\/i><\/p>\n<p>La propuesta invita a la comunidad a conocer las piezas fotogr\u00e1ficas de Luis Soler, un recorrido por la historia de los primeros vuelos que conectaron la Patagonia, adem\u00e1s se suma un apartado especial con elementos que pertenecieron al padre de Chiquito Mart\u00ednez, quien form\u00f3 parte de la Aeroposta y documentos del archivo del Museo. La muestra est\u00e1 disponible este viernes desde las 9 hasta las 17 horas y el s\u00e1bado de 15 a 18 horas, en el Museo Municipal Virginia Choquintel, ubicado en Alberdi 555.<\/p>\n<p><i>\u201cMERCADO DEL ATL\u00c1NTICO\u201d EN EL PASEO<\/i><\/p>\n<p>Las y los riograndenses podr\u00e1n recorrer el Mercado del Atl\u00e1ntico en el Paseo Canto del Viento, ubicado en Fagnano 650. El viernes atender\u00e1 de 10 a 20 horas, mientras que el s\u00e1bado y domingo abrir\u00e1 sus puertas de 16 a 20 horas. Un espacio en el que encontrar\u00e1n productos elaborados por emprendedores, artesanos y productos locales.<\/p>\n<p><i>SUMATE A LA CHARLA \u201cAVES RAPACES DE LA ESTEPA FUEGUINA\u201d<\/i><\/p>\n<p>Ser\u00e1 propuesta para conocer las principales especies que habitan Tierra del Fuego, sus caracter\u00edsticas y el importante rol que cumplen dentro de los ecosistemas locales. Se desarrollar\u00e1 este viernes a las 14 horas en el Centro de Interpretaci\u00f3n Ambiental, ubicado en Ruta N\u00b03, frente al Barrio Las Barrancas.<\/p>\n<p><i>RECORR\u00c9 EL PASEO \u201cCANTO DEL VIENTO\u201d<\/i><\/p>\n<p>Durante el fin de semana, el Paseo Canto del Viento abrir\u00e1 sus puertas de 16 a 20 horas para que las familias disfruten de un espacio que re\u00fane emprendimientos, artesanos, manualistas y diferentes propuestas para recorrer y conocer la producci\u00f3n local.<\/p>\n<p><i>CONCIERTO DE \u201cCORRESPONSALES DEL BARRIO<\/i><\/p>\n<p>En el marco del 25\u00b0 aniversario del Centro Cultural \u201cLeandro N. Alem\u201d este viernes 4, a las 21 horas se presentar\u00e1n Los Corresponsales del Barrio, quienes brindar\u00e1n el recital \u201cQue se rompa, pero que no se doble\u201d. La entrada es libre y gratuita.<\/p>\n<p><i>\u201cPREVIANDO EL CUMPLE\u201d<\/i><\/p>\n<p>Este s\u00e1bado 5, desde las 15 horas, se realizar\u00e1 una jornada art\u00edstica de collage y origami abierta a mayores de 16 a\u00f1os y artistas visuales. Durante el encuentro se realizar\u00e1n producciones inspiradas en los 25 a\u00f1os del Centro Cultural Alem, como parte de la construcci\u00f3n colectiva de esta celebraci\u00f3n.<\/p>\n","protected":false},"excerpt":{"rendered":"<p>CONOC\u00c9 LA MUESTRA \u201cSIGUIENDO LA RUTA DE LA AEROPOSTA, 10 A\u00d1OS DESPU\u00c9S\u201d La propuesta invita&#8230;<\/p>\n","protected":false},"author":1,"featured_media":83317,"comment_status":"closed","ping_status":"closed","sticky":false,"template":"","format":"standard","meta":{"footnotes":""},"categories":[3],"tags":[],"class_list":["post-83316","post","type-post","status-publish","format-standard","has-post-thumbnail","hentry","category-noticias"],"jetpack_featured_media_url":"https:\/\/hablemosclarotdf.com.ar\/wp-content\/uploads\/2026\/09\/photo_2026-09-04_15-59-25.jpg","_links":{"self":[{"href":"https:\/\/hablemosclarotdf.com.ar\/index.php?rest_route=\/wp\/v2\/posts\/83316","targetHints":{"allow":["GET"]}}],"collection":[{"href":"https:\/\/hablemosclarotdf.com.ar\/index.php?rest_route=\/wp\/v2\/posts"}],"about":[{"href":"https:\/\/hablemosclarotdf.com.ar\/index.php?rest_route=\/wp\/v2\/types\/post"}],"author":[{"embeddable":true,"href":"https:\/\/hablemosclarotdf.com.ar\/index.php?rest_route=\/wp\/v2\/users\/1"}],"replies":[{"embeddable":true,"href":"https:\/\/hablemosclarotdf.com.ar\/index.php?rest_route=%2Fwp%2Fv2%2Fcomments&post=83316"}],"version-history":[{"count":1,"href":"https:\/\/hablemosclarotdf.com.ar\/index.php?rest_route=\/wp\/v2\/posts\/83316\/revisions"}],"predecessor-version":[{"id":83318,"href":"https:\/\/hablemosclarotdf.com.ar\/index.php?rest_route=\/wp\/v2\/posts\/83316\/revisions\/83318"}],"wp:featuredmedia":[{"embeddable":true,"href":"https:\/\/hablemosclarotdf.com.ar\/index.php?rest_route=\/wp\/v2\/media\/83317"}],"wp:attachment":[{"href":"https:\/\/hablemosclarotdf.com.ar\/index.php?rest_route=%2Fwp%2Fv2%2Fmedia&parent=83316"}],"wp:term":[{"taxonomy":"category","embeddable":true,"href":"https:\/\/hablemosclarotdf.com.ar\/index.php?rest_route=%2Fwp%2Fv2%2Fcategories&post=83316"},{"taxonomy":"post_tag","embeddable":true,"href":"https:\/\/hablemosclarotdf.com.ar\/index.php?rest_route=%2Fwp%2Fv2%2Ftags&post=83316"}],"curies":[{"name":"wp","href":"https:\/\/api.w.org\/{rel}","templated":true}]}}