{"id":83313,"date":"2026-09-04T12:55:20","date_gmt":"2026-09-04T15:55:20","guid":{"rendered":"https:\/\/hablemosclarotdf.com.ar\/?p=83313"},"modified":"2026-09-04T12:55:20","modified_gmt":"2026-09-04T15:55:20","slug":"del-caos-al-control-un-taller-para-ordenar-la-gestion-de-las-empresas","status":"publish","type":"post","link":"https:\/\/hablemosclarotdf.com.ar\/?p=83313","title":{"rendered":"\u201cDEL CAOS AL CONTROL\u201d: UN TALLER PARA ORDENAR LA GESTI\u00d3N DE LAS EMPRESAS"},"content":{"rendered":"<p>La Secretar\u00eda de Desarrollo Productivo y PyME, dependiente del Ministerio de Producci\u00f3n y Ambiente, invita a la comunidad MiPyME a participar del taller \u201cDel caos al control: c\u00f3mo la digitalizaci\u00f3n y la innovaci\u00f3n ordenan una empresa\u201d, en el marco del Programa de Asistencia T\u00e9cnica para la Mejora de Procesos Productivos.<\/p>\n<p>Esta iniciativa, financiada por el Consejo Federal de Inversiones (CFI), brinda asistencia t\u00e9cnica personalizada a empresas de la provincia, con el objetivo de fortalecer su gesti\u00f3n interna y mejorar su competitividad mediante la implementaci\u00f3n de herramientas de organizaci\u00f3n y mejora continua. Actualmente, seis empresas fueguinas participan de esta instancia de acompa\u00f1amiento, en la que se elaboran planes de acci\u00f3n adaptados a las necesidades de cada organizaci\u00f3n.<\/p>\n<p>En este nuevo encuentro, se abordar\u00e1n herramientas para hacer frente al denominado \u201ccaos operativo\u201d que atraviesan frecuentemente las MiPyMEs, frente a situaciones como el manejo de informaci\u00f3n dispersa, la falta de trazabilidad, el desconocimiento de los m\u00e1rgenes de costos reales, y las dificultades en el control del stock y de la producci\u00f3n.<\/p>\n<p>Para hacer frente a estas problem\u00e1ticas, durante la jornada se desarrollar\u00e1 un enfoque metodol\u00f3gico pr\u00e1ctico basado en tres pasos fundamentales: ordenar los procesos actuales, estandarizar las tareas, y finalmente digitalizarlas, partiendo de la premisa de que la tecnolog\u00eda es un medio para mejorar el desempe\u00f1o y no un fin en s\u00ed mismo. Adem\u00e1s, se presentar\u00e1 un caso pr\u00e1ctico de implementaci\u00f3n de un sistema de gesti\u00f3n aplicado a las ventas, la administraci\u00f3n y las operaciones, incluyendo el monitoreo mediante tableros de control.<\/p>\n<p>El taller se realizar\u00e1 el mi\u00e9rcoles 09 de septiembre, de 14 a 16 horas, en modalidad virtual, y estar\u00e1 a cargo de especialistas que integran el Programa de Asistencia T\u00e9cnica.<\/p>\n<p>La participaci\u00f3n es gratuita y requiere inscripci\u00f3n previa a trav\u00e9s del siguiente formulario:<br \/>\nhttps:\/\/forms.gle\/UnMjgMNni5hhf6Vb8<\/p>\n","protected":false},"excerpt":{"rendered":"<p>La Secretar\u00eda de Desarrollo Productivo y PyME, dependiente del Ministerio de Producci\u00f3n y Ambiente, invita&#8230;<\/p>\n","protected":false},"author":1,"featured_media":83314,"comment_status":"closed","ping_status":"closed","sticky":false,"template":"","format":"standard","meta":{"footnotes":""},"categories":[3],"tags":[],"class_list":["post-83313","post","type-post","status-publish","format-standard","has-post-thumbnail","hentry","category-noticias"],"jetpack_featured_media_url":"https:\/\/hablemosclarotdf.com.ar\/wp-content\/uploads\/2026\/09\/photo_2026-09-04_12-54-53.jpg","_links":{"self":[{"href":"https:\/\/hablemosclarotdf.com.ar\/index.php?rest_route=\/wp\/v2\/posts\/83313","targetHints":{"allow":["GET"]}}],"collection":[{"href":"https:\/\/hablemosclarotdf.com.ar\/index.php?rest_route=\/wp\/v2\/posts"}],"about":[{"href":"https:\/\/hablemosclarotdf.com.ar\/index.php?rest_route=\/wp\/v2\/types\/post"}],"author":[{"embeddable":true,"href":"https:\/\/hablemosclarotdf.com.ar\/index.php?rest_route=\/wp\/v2\/users\/1"}],"replies":[{"embeddable":true,"href":"https:\/\/hablemosclarotdf.com.ar\/index.php?rest_route=%2Fwp%2Fv2%2Fcomments&post=83313"}],"version-history":[{"count":1,"href":"https:\/\/hablemosclarotdf.com.ar\/index.php?rest_route=\/wp\/v2\/posts\/83313\/revisions"}],"predecessor-version":[{"id":83315,"href":"https:\/\/hablemosclarotdf.com.ar\/index.php?rest_route=\/wp\/v2\/posts\/83313\/revisions\/83315"}],"wp:featuredmedia":[{"embeddable":true,"href":"https:\/\/hablemosclarotdf.com.ar\/index.php?rest_route=\/wp\/v2\/media\/83314"}],"wp:attachment":[{"href":"https:\/\/hablemosclarotdf.com.ar\/index.php?rest_route=%2Fwp%2Fv2%2Fmedia&parent=83313"}],"wp:term":[{"taxonomy":"category","embeddable":true,"href":"https:\/\/hablemosclarotdf.com.ar\/index.php?rest_route=%2Fwp%2Fv2%2Fcategories&post=83313"},{"taxonomy":"post_tag","embeddable":true,"href":"https:\/\/hablemosclarotdf.com.ar\/index.php?rest_route=%2Fwp%2Fv2%2Ftags&post=83313"}],"curies":[{"name":"wp","href":"https:\/\/api.w.org\/{rel}","templated":true}]}}