{"id":83305,"date":"2026-09-04T12:53:34","date_gmt":"2026-09-04T15:53:34","guid":{"rendered":"https:\/\/hablemosclarotdf.com.ar\/?p=83305"},"modified":"2026-09-04T12:53:34","modified_gmt":"2026-09-04T15:53:34","slug":"ushuaia-la-municipalidad-de-ushuaia-llevo-adelante-la-noche-de-danzas-del-mundo","status":"publish","type":"post","link":"https:\/\/hablemosclarotdf.com.ar\/?p=83305","title":{"rendered":"USHUAIA : LA MUNICIPALIDAD DE USHUAIA LLEV\u00d3 ADELANTE LA \u201cNOCHE DE DANZAS DEL MUNDO\u201d"},"content":{"rendered":"<p>La propuesta es parte de la XXIV Edici\u00f3n de la Fiesta de las Colectividades<\/p>\n<p>La Secretar\u00eda de Pol\u00edticas Ambientales, Culturales y Educativas de la Municipalidad de Ushuaia llev\u00f3 adelante en la Sala Nin\u00ed Marshall de la Casa de la Cultura Enriqueta Gastelumendi la Noche de Danzas del Mundo, parte de las actividades por la XXIV Edici\u00f3n de la Fiesta de las Colectividades.<\/p>\n<p>Ante una sala llena de vecinos y vecinas, la propuesta impulsada junto a la Asociaci\u00f3n de Colectividades Extranjeras en Ushuaia (ACEDU), present\u00f3 los espect\u00e1culos art\u00edsticos de Nuestro Legado y Ballet Ushuaia por Argentina, Per\u00fa, Escocia, Austria, la Fraternidad \u201cLos Negritos\u201d de Bolivia, Alemania, Rep\u00fablica Dominicana, Venezuela, Colombia, Italia, Croacia, Chile, Espa\u00f1a, \u201cBellydance Arab\u201d por los Estados \u00c1rabes, Fuego Andino por Bolivia y el cierre a cargo de Tadeusz Kossak, un ballet de la provincia de Santa Fe representando a Polonia.<\/p>\n<p>David Ferreyra, secretario de Pol\u00edticas Ambientales, Culturales y Educativas, explic\u00f3 que \u201choy no visibilizamos solamente a la danza, sino que reconocemos durante esta fiesta a todos los vecinos y vecinas que dejaron su lugar de residencia para vivir su vida en el Fin del Mundo. Ellos y ellas fueron y son parte de nuestra identidad, forjando esta multiculturalidad que hace tan particular a Ushuaia\u201d.<\/p>\n<p>\u201cQuiero dejarles el saludo de nuestro intendente Walter Vuoto y extenderles la invitaci\u00f3n a las actividades en el &#8216;Cochocho&#8217; Vargas de este viernes y s\u00e1bado, donde am\u00e9n de disfrutar de las comidas t\u00edpicas, m\u00fasica y trajes, vamos a seguir conociendo y disfrutando de esta parte tan importante de nuestra identidad como ushuaienses\u201d concluy\u00f3 el funcionario.<\/p>\n<p>Por su parte la presidenta de ACEDU, Ana Mar\u00eda Manzur, agradeci\u00f3 \u201ca todos y todas por acompa\u00f1arnos en esta fabulosa noche de danza en este hermoso teatro que es la Sala Nin\u00ed Marshall. Esta ciudad se ha formado con la llegada de los inmigrantes y por eso tenemos una cultura tan variada y eso es lo que ofrecemos para que disfruten y aprovechen\u201d.<\/p>\n<p>En esa misma l\u00ednea Mar\u00eda Adriana Rapossi, representante de la colectividad italiana y ganadora del Traje T\u00edpico 2025, declar\u00f3 que \u201csean todos muy bienvenidos a la apertura de esta Fiesta de las Colectividades en esta primera noche con la Noche de Danzas del Mundo. Ushuaia hoy vuelve a ser un punto de encuentro, que naci\u00f3 grande porque naci\u00f3 con los brazos abiertos, recibiendo historias, colores y ra\u00edces que llegaron de lejos para quedarse para siempre\u201d.<\/p>\n<p>Las actividades continuar\u00e1n el d\u00eda viernes 4 y s\u00e1bado 5 de septiembre en el Microestadio Jos\u00e9 \u201cCochocho\u201d Vargas con la Fiesta de las Colectividades, donde las y los asistentes podr\u00e1n disfrutar de los stands de 21 colectividades diferentes con comidas t\u00edpicas, danzas y espect\u00e1culos art\u00edsticos. Para conocer m\u00e1s sobre el cronograma, se podr\u00e1 visitar las redes sociales de la Secretar\u00eda de Pol\u00edticas Ambientales, Culturales y Educativas en @AmbienteCulturaEducacion.Ush.<\/p>\n<p><img loading=\"lazy\" decoding=\"async\" class=\"alignnone size-medium wp-image-83307\" src=\"https:\/\/hablemosclarotdf.com.ar\/wp-content\/uploads\/2026\/09\/photo_2026-09-04_12-52-07-300x200.jpg\" alt=\"\" width=\"300\" height=\"200\" srcset=\"https:\/\/hablemosclarotdf.com.ar\/wp-content\/uploads\/2026\/09\/photo_2026-09-04_12-52-07-300x200.jpg 300w, https:\/\/hablemosclarotdf.com.ar\/wp-content\/uploads\/2026\/09\/photo_2026-09-04_12-52-07-1024x682.jpg 1024w, https:\/\/hablemosclarotdf.com.ar\/wp-content\/uploads\/2026\/09\/photo_2026-09-04_12-52-07-768x512.jpg 768w, https:\/\/hablemosclarotdf.com.ar\/wp-content\/uploads\/2026\/09\/photo_2026-09-04_12-52-07.jpg 1280w\" sizes=\"auto, (max-width: 300px) 100vw, 300px\" \/> <img loading=\"lazy\" decoding=\"async\" class=\"alignnone size-medium wp-image-83308\" src=\"https:\/\/hablemosclarotdf.com.ar\/wp-content\/uploads\/2026\/09\/photo_2026-09-04_12-52-11-300x200.jpg\" alt=\"\" width=\"300\" height=\"200\" srcset=\"https:\/\/hablemosclarotdf.com.ar\/wp-content\/uploads\/2026\/09\/photo_2026-09-04_12-52-11-300x200.jpg 300w, https:\/\/hablemosclarotdf.com.ar\/wp-content\/uploads\/2026\/09\/photo_2026-09-04_12-52-11-1024x682.jpg 1024w, https:\/\/hablemosclarotdf.com.ar\/wp-content\/uploads\/2026\/09\/photo_2026-09-04_12-52-11-768x512.jpg 768w, https:\/\/hablemosclarotdf.com.ar\/wp-content\/uploads\/2026\/09\/photo_2026-09-04_12-52-11.jpg 1280w\" sizes=\"auto, (max-width: 300px) 100vw, 300px\" \/> <img loading=\"lazy\" decoding=\"async\" class=\"alignnone size-medium wp-image-83309\" src=\"https:\/\/hablemosclarotdf.com.ar\/wp-content\/uploads\/2026\/09\/photo_2026-09-04_12-52-15-300x200.jpg\" alt=\"\" width=\"300\" height=\"200\" srcset=\"https:\/\/hablemosclarotdf.com.ar\/wp-content\/uploads\/2026\/09\/photo_2026-09-04_12-52-15-300x200.jpg 300w, https:\/\/hablemosclarotdf.com.ar\/wp-content\/uploads\/2026\/09\/photo_2026-09-04_12-52-15-1024x682.jpg 1024w, https:\/\/hablemosclarotdf.com.ar\/wp-content\/uploads\/2026\/09\/photo_2026-09-04_12-52-15-768x512.jpg 768w, https:\/\/hablemosclarotdf.com.ar\/wp-content\/uploads\/2026\/09\/photo_2026-09-04_12-52-15.jpg 1280w\" sizes=\"auto, (max-width: 300px) 100vw, 300px\" \/> <img loading=\"lazy\" decoding=\"async\" class=\"alignnone size-medium wp-image-83310\" src=\"https:\/\/hablemosclarotdf.com.ar\/wp-content\/uploads\/2026\/09\/photo_2026-09-04_12-52-20-300x200.jpg\" alt=\"\" width=\"300\" height=\"200\" srcset=\"https:\/\/hablemosclarotdf.com.ar\/wp-content\/uploads\/2026\/09\/photo_2026-09-04_12-52-20-300x200.jpg 300w, https:\/\/hablemosclarotdf.com.ar\/wp-content\/uploads\/2026\/09\/photo_2026-09-04_12-52-20-1024x682.jpg 1024w, https:\/\/hablemosclarotdf.com.ar\/wp-content\/uploads\/2026\/09\/photo_2026-09-04_12-52-20-768x512.jpg 768w, https:\/\/hablemosclarotdf.com.ar\/wp-content\/uploads\/2026\/09\/photo_2026-09-04_12-52-20.jpg 1280w\" sizes=\"auto, (max-width: 300px) 100vw, 300px\" \/> <img loading=\"lazy\" decoding=\"async\" class=\"alignnone size-medium wp-image-83311\" src=\"https:\/\/hablemosclarotdf.com.ar\/wp-content\/uploads\/2026\/09\/photo_2026-09-04_12-52-25-300x200.jpg\" alt=\"\" width=\"300\" height=\"200\" srcset=\"https:\/\/hablemosclarotdf.com.ar\/wp-content\/uploads\/2026\/09\/photo_2026-09-04_12-52-25-300x200.jpg 300w, https:\/\/hablemosclarotdf.com.ar\/wp-content\/uploads\/2026\/09\/photo_2026-09-04_12-52-25-1024x682.jpg 1024w, https:\/\/hablemosclarotdf.com.ar\/wp-content\/uploads\/2026\/09\/photo_2026-09-04_12-52-25-768x512.jpg 768w, https:\/\/hablemosclarotdf.com.ar\/wp-content\/uploads\/2026\/09\/photo_2026-09-04_12-52-25.jpg 1280w\" sizes=\"auto, (max-width: 300px) 100vw, 300px\" \/><\/p>\n","protected":false},"excerpt":{"rendered":"<p>La propuesta es parte de la XXIV Edici\u00f3n de la Fiesta de las Colectividades La&#8230;<\/p>\n","protected":false},"author":1,"featured_media":83306,"comment_status":"closed","ping_status":"closed","sticky":false,"template":"","format":"standard","meta":{"footnotes":""},"categories":[3],"tags":[],"class_list":["post-83305","post","type-post","status-publish","format-standard","has-post-thumbnail","hentry","category-noticias"],"jetpack_featured_media_url":"https:\/\/hablemosclarotdf.com.ar\/wp-content\/uploads\/2026\/09\/photo_2026-09-04_12-52-03.jpg","_links":{"self":[{"href":"https:\/\/hablemosclarotdf.com.ar\/index.php?rest_route=\/wp\/v2\/posts\/83305","targetHints":{"allow":["GET"]}}],"collection":[{"href":"https:\/\/hablemosclarotdf.com.ar\/index.php?rest_route=\/wp\/v2\/posts"}],"about":[{"href":"https:\/\/hablemosclarotdf.com.ar\/index.php?rest_route=\/wp\/v2\/types\/post"}],"author":[{"embeddable":true,"href":"https:\/\/hablemosclarotdf.com.ar\/index.php?rest_route=\/wp\/v2\/users\/1"}],"replies":[{"embeddable":true,"href":"https:\/\/hablemosclarotdf.com.ar\/index.php?rest_route=%2Fwp%2Fv2%2Fcomments&post=83305"}],"version-history":[{"count":1,"href":"https:\/\/hablemosclarotdf.com.ar\/index.php?rest_route=\/wp\/v2\/posts\/83305\/revisions"}],"predecessor-version":[{"id":83312,"href":"https:\/\/hablemosclarotdf.com.ar\/index.php?rest_route=\/wp\/v2\/posts\/83305\/revisions\/83312"}],"wp:featuredmedia":[{"embeddable":true,"href":"https:\/\/hablemosclarotdf.com.ar\/index.php?rest_route=\/wp\/v2\/media\/83306"}],"wp:attachment":[{"href":"https:\/\/hablemosclarotdf.com.ar\/index.php?rest_route=%2Fwp%2Fv2%2Fmedia&parent=83305"}],"wp:term":[{"taxonomy":"category","embeddable":true,"href":"https:\/\/hablemosclarotdf.com.ar\/index.php?rest_route=%2Fwp%2Fv2%2Fcategories&post=83305"},{"taxonomy":"post_tag","embeddable":true,"href":"https:\/\/hablemosclarotdf.com.ar\/index.php?rest_route=%2Fwp%2Fv2%2Ftags&post=83305"}],"curies":[{"name":"wp","href":"https:\/\/api.w.org\/{rel}","templated":true}]}}