{"id":83302,"date":"2026-09-04T12:25:56","date_gmt":"2026-09-04T15:25:56","guid":{"rendered":"https:\/\/hablemosclarotdf.com.ar\/?p=83302"},"modified":"2026-09-04T12:25:56","modified_gmt":"2026-09-04T15:25:56","slug":"vialidad-provincial-trabaja-en-la-ruta-7-y-solicita-cuidado-mutuo-de-los-camino","status":"publish","type":"post","link":"https:\/\/hablemosclarotdf.com.ar\/?p=83302","title":{"rendered":"VIALIDAD PROVINCIAL TRABAJA EN LA RUTA 7 Y SOLICITA CUIDADO MUTUO DE LOS CAMINO"},"content":{"rendered":"<p>La presidenta de la Direcci\u00f3n Provincial de Vialidad, Iliana Zarantonello, inform\u00f3 sobre las tareas de reparaci\u00f3n en la Ruta N\u00b07, Bah\u00eda ARA San Blas, en zona norte, y explic\u00f3 que las condiciones clim\u00e1ticas limitan el ingreso de maquinaria en algunos sectores. Se\u00f1al\u00f3 que transitar en d\u00edas de barro puede generar huellones y p\u00e9rdidas de material de la calzada. En este sentido, pidi\u00f3 paciencia y responsabilidad mutua para cuidar los caminos y garantizar la seguridad de todos.<\/p>\n<p>En este sentido, la funcionaria se\u00f1al\u00f3, &#8220;en la Ruta Provincial N\u00b07, realizamos la reparaci\u00f3n de calzada con doble pasada en toda su extensi\u00f3n de 5,3 km. Previamente, llevamos adelante la limpieza de banquinas y cunetas, ya que encontramos gran cantidad de basura arrojada en la zona. Por lo tanto, apelamos a la colaboraci\u00f3n de todos para mantener nuestros caminos y drenajes limpios y seguros.&#8221;<\/p>\n<p>&#8220;A su vez, quiero remarcar que cada intervenci\u00f3n depende de las condiciones clim\u00e1ticas y del estado del suelo. El deshielo y la humedad dificultan el ingreso de maquinaria en algunos sectores, y avanzar en esas condiciones no solo ser\u00eda poco beneficioso, sino que tambi\u00e9n podr\u00eda generar p\u00e9rdidas de material de la calzada, que no se recupera. En torno a esto, solicitamos paciencia, sabemos que hay tramos que a\u00fan no podemos atender, pero estamos atentos y planificando cada acci\u00f3n para que sea efectiva.&#8221;<\/p>\n<p>&#8220;En relaci\u00f3n a quienes desarrollan actividades en zonas aleda\u00f1as, pedimos especial responsabilidad. Transitar por caminos en mal estado durante d\u00edas de barro puede provocar huellones y poner en riesgo tanto la maquinaria de Vialidad como las herramientas de quienes trabajan en el lugar. La responsabilidad es mutua: necesitamos trabajar, pero tambi\u00e9n debemos cuidar la infraestructura que nos conecta y que es fundamental para todos.&#8221;<\/p>\n<p>Para finalizar, Zarantonello mencion\u00f3 que, \u201cen paralelo, estamos interviniendo en la Ruta Provincial N\u00b09, en sectores oreados, y pr\u00f3ximamente comenzaremos tareas en la Ruta Provincial N\u00b023 y Ruta Provincial N\u00b012. Nuestro compromiso es seguir presentes en cada ruta provincial, acompa\u00f1ando el tr\u00e1nsito de la comunidad y el desarrollo de Tierra del Fuego.&#8221;<\/p>\n","protected":false},"excerpt":{"rendered":"<p>La presidenta de la Direcci\u00f3n Provincial de Vialidad, Iliana Zarantonello, inform\u00f3 sobre las tareas de&#8230;<\/p>\n","protected":false},"author":1,"featured_media":83303,"comment_status":"closed","ping_status":"closed","sticky":false,"template":"","format":"standard","meta":{"footnotes":""},"categories":[3],"tags":[],"class_list":["post-83302","post","type-post","status-publish","format-standard","has-post-thumbnail","hentry","category-noticias"],"jetpack_featured_media_url":"https:\/\/hablemosclarotdf.com.ar\/wp-content\/uploads\/2026\/09\/photo_2026-09-04_12-25-28.jpg","_links":{"self":[{"href":"https:\/\/hablemosclarotdf.com.ar\/index.php?rest_route=\/wp\/v2\/posts\/83302","targetHints":{"allow":["GET"]}}],"collection":[{"href":"https:\/\/hablemosclarotdf.com.ar\/index.php?rest_route=\/wp\/v2\/posts"}],"about":[{"href":"https:\/\/hablemosclarotdf.com.ar\/index.php?rest_route=\/wp\/v2\/types\/post"}],"author":[{"embeddable":true,"href":"https:\/\/hablemosclarotdf.com.ar\/index.php?rest_route=\/wp\/v2\/users\/1"}],"replies":[{"embeddable":true,"href":"https:\/\/hablemosclarotdf.com.ar\/index.php?rest_route=%2Fwp%2Fv2%2Fcomments&post=83302"}],"version-history":[{"count":1,"href":"https:\/\/hablemosclarotdf.com.ar\/index.php?rest_route=\/wp\/v2\/posts\/83302\/revisions"}],"predecessor-version":[{"id":83304,"href":"https:\/\/hablemosclarotdf.com.ar\/index.php?rest_route=\/wp\/v2\/posts\/83302\/revisions\/83304"}],"wp:featuredmedia":[{"embeddable":true,"href":"https:\/\/hablemosclarotdf.com.ar\/index.php?rest_route=\/wp\/v2\/media\/83303"}],"wp:attachment":[{"href":"https:\/\/hablemosclarotdf.com.ar\/index.php?rest_route=%2Fwp%2Fv2%2Fmedia&parent=83302"}],"wp:term":[{"taxonomy":"category","embeddable":true,"href":"https:\/\/hablemosclarotdf.com.ar\/index.php?rest_route=%2Fwp%2Fv2%2Fcategories&post=83302"},{"taxonomy":"post_tag","embeddable":true,"href":"https:\/\/hablemosclarotdf.com.ar\/index.php?rest_route=%2Fwp%2Fv2%2Ftags&post=83302"}],"curies":[{"name":"wp","href":"https:\/\/api.w.org\/{rel}","templated":true}]}}