{"id":83299,"date":"2026-09-04T12:24:18","date_gmt":"2026-09-04T15:24:18","guid":{"rendered":"https:\/\/hablemosclarotdf.com.ar\/?p=83299"},"modified":"2026-09-04T12:24:18","modified_gmt":"2026-09-04T15:24:18","slug":"gobierno-celebro-un-nuevo-aniversario-del-gimnasio-muriel","status":"publish","type":"post","link":"https:\/\/hablemosclarotdf.com.ar\/?p=83299","title":{"rendered":"GOBIERNO CELEBR\u00d3 UN NUEVO ANIVERSARIO DEL GIMNASIO MURIEL"},"content":{"rendered":"<p>El Gobierno de la Provincia de Tierra del Fuego realiz\u00f3 un sencillo encuentro para conmemorar el vig\u00e9simo octavo aniversario del gimnasio Jorge Muriel de la ciudad de Rio Grande.<\/p>\n<p>Con la participaci\u00f3n de los alumnos de la Escuela Deportiva de Atletismo adaptado, y el acompa\u00f1amiento del Secretario de Deportes Mariano Vallaro y parte de su equipo de trabajo, el festejo se llev\u00f3 a cabo en un \u00e1mbito de alegr\u00eda y compa\u00f1erismo.<\/p>\n<p>Luego de una jornada t\u00edpica de entrenamientos, los deportistas cerraron la jornada compartiendo una rica torta y celebrando la llegada de un nuevo aniversario del emblem\u00e1tico gimnasio del barrio de Chacra IV.<\/p>\n<p>El gimnasio Muriel es uno de los recintos m\u00e1s importantes con los que cuenta el Gobierno provincial y que en la actualidad se encuentra administrado bajo la \u00f3rbita de la Secretaria de Deportes. All\u00ed se le brinda espacio a distintas instituciones deportivas que realizan sus entrenamientos diarios, como as\u00ed tambi\u00e9n se facilitan las instalaciones a las Federaciones deportivas para que \u00e9stas organicen sus campeonatos. Adem\u00e1s, el gimnasio Muriel es un lugar de encuentro para diferentes actividades extra deportivas que cumplen con una funci\u00f3n social determinada.<\/p>\n<p>Bajo el nombre oficial de \u201cCentro Deportivo Comunitario D. N\u00e9stor Jorge Muriel\u201d (tal como lo indica en su placa fundacional), el establecimiento fue inaugurado bajo la gobernaci\u00f3n de Jos\u00e9 Estabillo, en septiembre de 1998.<\/p>\n<p>Desde la Secretar\u00eda de Deportes, dependiente del Ministerio de Bienestar Ciudadano y Justicia queremos felicitar a cada uno de los profesores, trabajadores y, especialmente, a los deportistas que d\u00eda a d\u00eda llenan de energ\u00eda este espacio consolidando al Muriel como un sitio fundamental para el encuentro y el desarrollo deportivo local. Cumplir un a\u00f1o m\u00e1s es el reflejo del esfuerzo compartido y de la constancia por mantener una vida activa y saludable.<\/p>\n","protected":false},"excerpt":{"rendered":"<p>El Gobierno de la Provincia de Tierra del Fuego realiz\u00f3 un sencillo encuentro para conmemorar&#8230;<\/p>\n","protected":false},"author":1,"featured_media":83300,"comment_status":"closed","ping_status":"closed","sticky":false,"template":"","format":"standard","meta":{"footnotes":""},"categories":[3],"tags":[],"class_list":["post-83299","post","type-post","status-publish","format-standard","has-post-thumbnail","hentry","category-noticias"],"jetpack_featured_media_url":"https:\/\/hablemosclarotdf.com.ar\/wp-content\/uploads\/2026\/09\/photo_2026-09-04_12-23-46.jpg","_links":{"self":[{"href":"https:\/\/hablemosclarotdf.com.ar\/index.php?rest_route=\/wp\/v2\/posts\/83299","targetHints":{"allow":["GET"]}}],"collection":[{"href":"https:\/\/hablemosclarotdf.com.ar\/index.php?rest_route=\/wp\/v2\/posts"}],"about":[{"href":"https:\/\/hablemosclarotdf.com.ar\/index.php?rest_route=\/wp\/v2\/types\/post"}],"author":[{"embeddable":true,"href":"https:\/\/hablemosclarotdf.com.ar\/index.php?rest_route=\/wp\/v2\/users\/1"}],"replies":[{"embeddable":true,"href":"https:\/\/hablemosclarotdf.com.ar\/index.php?rest_route=%2Fwp%2Fv2%2Fcomments&post=83299"}],"version-history":[{"count":1,"href":"https:\/\/hablemosclarotdf.com.ar\/index.php?rest_route=\/wp\/v2\/posts\/83299\/revisions"}],"predecessor-version":[{"id":83301,"href":"https:\/\/hablemosclarotdf.com.ar\/index.php?rest_route=\/wp\/v2\/posts\/83299\/revisions\/83301"}],"wp:featuredmedia":[{"embeddable":true,"href":"https:\/\/hablemosclarotdf.com.ar\/index.php?rest_route=\/wp\/v2\/media\/83300"}],"wp:attachment":[{"href":"https:\/\/hablemosclarotdf.com.ar\/index.php?rest_route=%2Fwp%2Fv2%2Fmedia&parent=83299"}],"wp:term":[{"taxonomy":"category","embeddable":true,"href":"https:\/\/hablemosclarotdf.com.ar\/index.php?rest_route=%2Fwp%2Fv2%2Fcategories&post=83299"},{"taxonomy":"post_tag","embeddable":true,"href":"https:\/\/hablemosclarotdf.com.ar\/index.php?rest_route=%2Fwp%2Fv2%2Ftags&post=83299"}],"curies":[{"name":"wp","href":"https:\/\/api.w.org\/{rel}","templated":true}]}}