{"id":83287,"date":"2026-09-04T12:19:07","date_gmt":"2026-09-04T15:19:07","guid":{"rendered":"https:\/\/hablemosclarotdf.com.ar\/?p=83287"},"modified":"2026-09-04T12:19:07","modified_gmt":"2026-09-04T15:19:07","slug":"ushuaia-el-consejo-asesor-de-seguridad-vial-analizo-medidas-para-mejorar-la-circulacion-en-distintos-puntos-de-ushuaia","status":"publish","type":"post","link":"https:\/\/hablemosclarotdf.com.ar\/?p=83287","title":{"rendered":"USHUAIA : EL CONSEJO ASESOR DE SEGURIDAD VIAL ANALIZ\u00d3 MEDIDAS PARA MEJORAR LA CIRCULACI\u00d3N EN DISTINTOS PUNTOS DE USHUAIA"},"content":{"rendered":"<p>El Consejo Asesor de Seguridad Vial llev\u00f3 adelante una nueva reuni\u00f3n en la Jefatura de Gabinete del edificio Adolfo Cano, donde se analizaron distintas alternativas destinadas a mejorar la circulaci\u00f3n y reforzar la seguridad vial en puntos cr\u00edticos de la ciudad.<\/p>\n<p>El encuentro fue encabezado por el subsecretario de Seguridad Urbana de la Municipalidad de Ushuaia, Alejandro Ledesma, y cont\u00f3 con la participaci\u00f3n de los concejales Gabriel de la Vega y Nicol\u00e1s Pelloli, autoridades de la Polic\u00eda de la Provincia y de Protecci\u00f3n Civil provincial, la jueza del Juzgado Administrativo Municipal de Faltas, Silvina Oyarz\u00fan Santana, y representantes de otras instituciones vinculadas a la seguridad de la ciudad.<\/p>\n<p>Durante la reuni\u00f3n se abordaron propuestas vinculadas a la implementaci\u00f3n de manos \u00fanicas y medidas de ordenamiento del tr\u00e1nsito en distintos sectores, con especial atenci\u00f3n en el barrio San Salvador y en la calle Congreso Nacional, donde se busca agilizar la circulaci\u00f3n y mejorar las condiciones de seguridad vial.<\/p>\n<p>Tambi\u00e9n se traslad\u00f3 al Consejo la propuesta de evaluar la implementaci\u00f3n de mano \u00fanica en alg\u00fan tramo de la calle Fuegia Basket, como otra alternativa para ordenar el tr\u00e1nsito y mejorar la fluidez vehicular en ese sector.<\/p>\n<p>Asimismo, se avanz\u00f3 en el an\u00e1lisis de la circulaci\u00f3n sobre la avenida Perito Moreno de cara a la finalizaci\u00f3n de la obra del Paseo Costero. En ese marco, se trabaj\u00f3 sobre la futura diagramaci\u00f3n del tr\u00e1nsito, los accesos a la rotonda y la se\u00f1al\u00e9tica existente en el sector, que podr\u00eda requerir modificaciones una vez concluida la obra y definida la nueva din\u00e1mica de circulaci\u00f3n.<\/p>\n<p>Desde el Consejo Asesor de Seguridad Vial se destac\u00f3 la importancia de abordar estas situaciones de manera articulada entre las distintas instituciones, evaluando cada sector de acuerdo con sus caracter\u00edsticas y necesidades. Las propuestas analizadas forman parte de un trabajo orientado a prevenir situaciones de riesgo y generar mejores condiciones de circulaci\u00f3n en los puntos m\u00e1s complejos de la ciudad.<\/p>\n<p><img loading=\"lazy\" decoding=\"async\" class=\"alignnone size-medium wp-image-83289\" src=\"https:\/\/hablemosclarotdf.com.ar\/wp-content\/uploads\/2026\/09\/photo_2026-09-04_12-17-00-300x169.jpg\" alt=\"\" width=\"300\" height=\"169\" srcset=\"https:\/\/hablemosclarotdf.com.ar\/wp-content\/uploads\/2026\/09\/photo_2026-09-04_12-17-00-300x169.jpg 300w, https:\/\/hablemosclarotdf.com.ar\/wp-content\/uploads\/2026\/09\/photo_2026-09-04_12-17-00-1024x576.jpg 1024w, https:\/\/hablemosclarotdf.com.ar\/wp-content\/uploads\/2026\/09\/photo_2026-09-04_12-17-00-768x432.jpg 768w, https:\/\/hablemosclarotdf.com.ar\/wp-content\/uploads\/2026\/09\/photo_2026-09-04_12-17-00.jpg 1206w\" sizes=\"auto, (max-width: 300px) 100vw, 300px\" \/> <img loading=\"lazy\" decoding=\"async\" class=\"alignnone size-medium wp-image-83290\" src=\"https:\/\/hablemosclarotdf.com.ar\/wp-content\/uploads\/2026\/09\/photo_2026-09-04_12-17-04-300x169.jpg\" alt=\"\" width=\"300\" height=\"169\" srcset=\"https:\/\/hablemosclarotdf.com.ar\/wp-content\/uploads\/2026\/09\/photo_2026-09-04_12-17-04-300x169.jpg 300w, https:\/\/hablemosclarotdf.com.ar\/wp-content\/uploads\/2026\/09\/photo_2026-09-04_12-17-04-1024x576.jpg 1024w, https:\/\/hablemosclarotdf.com.ar\/wp-content\/uploads\/2026\/09\/photo_2026-09-04_12-17-04-768x432.jpg 768w, https:\/\/hablemosclarotdf.com.ar\/wp-content\/uploads\/2026\/09\/photo_2026-09-04_12-17-04.jpg 1206w\" sizes=\"auto, (max-width: 300px) 100vw, 300px\" \/> <img loading=\"lazy\" decoding=\"async\" class=\"alignnone size-medium wp-image-83291\" src=\"https:\/\/hablemosclarotdf.com.ar\/wp-content\/uploads\/2026\/09\/photo_2026-09-04_12-17-08-300x169.jpg\" alt=\"\" width=\"300\" height=\"169\" srcset=\"https:\/\/hablemosclarotdf.com.ar\/wp-content\/uploads\/2026\/09\/photo_2026-09-04_12-17-08-300x169.jpg 300w, https:\/\/hablemosclarotdf.com.ar\/wp-content\/uploads\/2026\/09\/photo_2026-09-04_12-17-08-1024x576.jpg 1024w, https:\/\/hablemosclarotdf.com.ar\/wp-content\/uploads\/2026\/09\/photo_2026-09-04_12-17-08-768x432.jpg 768w, https:\/\/hablemosclarotdf.com.ar\/wp-content\/uploads\/2026\/09\/photo_2026-09-04_12-17-08.jpg 1206w\" sizes=\"auto, (max-width: 300px) 100vw, 300px\" \/> <img loading=\"lazy\" decoding=\"async\" class=\"alignnone size-medium wp-image-83292\" src=\"https:\/\/hablemosclarotdf.com.ar\/wp-content\/uploads\/2026\/09\/photo_2026-09-04_12-17-14-300x169.jpg\" alt=\"\" width=\"300\" height=\"169\" srcset=\"https:\/\/hablemosclarotdf.com.ar\/wp-content\/uploads\/2026\/09\/photo_2026-09-04_12-17-14-300x169.jpg 300w, https:\/\/hablemosclarotdf.com.ar\/wp-content\/uploads\/2026\/09\/photo_2026-09-04_12-17-14-1024x576.jpg 1024w, https:\/\/hablemosclarotdf.com.ar\/wp-content\/uploads\/2026\/09\/photo_2026-09-04_12-17-14-768x432.jpg 768w, https:\/\/hablemosclarotdf.com.ar\/wp-content\/uploads\/2026\/09\/photo_2026-09-04_12-17-14.jpg 1280w\" sizes=\"auto, (max-width: 300px) 100vw, 300px\" \/> <img loading=\"lazy\" decoding=\"async\" class=\"alignnone size-medium wp-image-83293\" src=\"https:\/\/hablemosclarotdf.com.ar\/wp-content\/uploads\/2026\/09\/photo_2026-09-04_12-17-20-300x169.jpg\" alt=\"\" width=\"300\" height=\"169\" srcset=\"https:\/\/hablemosclarotdf.com.ar\/wp-content\/uploads\/2026\/09\/photo_2026-09-04_12-17-20-300x169.jpg 300w, https:\/\/hablemosclarotdf.com.ar\/wp-content\/uploads\/2026\/09\/photo_2026-09-04_12-17-20-1024x576.jpg 1024w, https:\/\/hablemosclarotdf.com.ar\/wp-content\/uploads\/2026\/09\/photo_2026-09-04_12-17-20-768x432.jpg 768w, https:\/\/hablemosclarotdf.com.ar\/wp-content\/uploads\/2026\/09\/photo_2026-09-04_12-17-20.jpg 1280w\" sizes=\"auto, (max-width: 300px) 100vw, 300px\" \/> <img loading=\"lazy\" decoding=\"async\" class=\"alignnone size-medium wp-image-83294\" src=\"https:\/\/hablemosclarotdf.com.ar\/wp-content\/uploads\/2026\/09\/photo_2026-09-04_12-17-26-300x169.jpg\" alt=\"\" width=\"300\" height=\"169\" srcset=\"https:\/\/hablemosclarotdf.com.ar\/wp-content\/uploads\/2026\/09\/photo_2026-09-04_12-17-26-300x169.jpg 300w, https:\/\/hablemosclarotdf.com.ar\/wp-content\/uploads\/2026\/09\/photo_2026-09-04_12-17-26-1024x576.jpg 1024w, https:\/\/hablemosclarotdf.com.ar\/wp-content\/uploads\/2026\/09\/photo_2026-09-04_12-17-26-768x432.jpg 768w, https:\/\/hablemosclarotdf.com.ar\/wp-content\/uploads\/2026\/09\/photo_2026-09-04_12-17-26.jpg 1280w\" sizes=\"auto, (max-width: 300px) 100vw, 300px\" \/><\/p>\n","protected":false},"excerpt":{"rendered":"<p>El Consejo Asesor de Seguridad Vial llev\u00f3 adelante una nueva reuni\u00f3n en la Jefatura de&#8230;<\/p>\n","protected":false},"author":1,"featured_media":83288,"comment_status":"closed","ping_status":"closed","sticky":false,"template":"","format":"standard","meta":{"footnotes":""},"categories":[3],"tags":[],"class_list":["post-83287","post","type-post","status-publish","format-standard","has-post-thumbnail","hentry","category-noticias"],"jetpack_featured_media_url":"https:\/\/hablemosclarotdf.com.ar\/wp-content\/uploads\/2026\/09\/photo_2026-09-04_12-16-48.jpg","_links":{"self":[{"href":"https:\/\/hablemosclarotdf.com.ar\/index.php?rest_route=\/wp\/v2\/posts\/83287","targetHints":{"allow":["GET"]}}],"collection":[{"href":"https:\/\/hablemosclarotdf.com.ar\/index.php?rest_route=\/wp\/v2\/posts"}],"about":[{"href":"https:\/\/hablemosclarotdf.com.ar\/index.php?rest_route=\/wp\/v2\/types\/post"}],"author":[{"embeddable":true,"href":"https:\/\/hablemosclarotdf.com.ar\/index.php?rest_route=\/wp\/v2\/users\/1"}],"replies":[{"embeddable":true,"href":"https:\/\/hablemosclarotdf.com.ar\/index.php?rest_route=%2Fwp%2Fv2%2Fcomments&post=83287"}],"version-history":[{"count":1,"href":"https:\/\/hablemosclarotdf.com.ar\/index.php?rest_route=\/wp\/v2\/posts\/83287\/revisions"}],"predecessor-version":[{"id":83295,"href":"https:\/\/hablemosclarotdf.com.ar\/index.php?rest_route=\/wp\/v2\/posts\/83287\/revisions\/83295"}],"wp:featuredmedia":[{"embeddable":true,"href":"https:\/\/hablemosclarotdf.com.ar\/index.php?rest_route=\/wp\/v2\/media\/83288"}],"wp:attachment":[{"href":"https:\/\/hablemosclarotdf.com.ar\/index.php?rest_route=%2Fwp%2Fv2%2Fmedia&parent=83287"}],"wp:term":[{"taxonomy":"category","embeddable":true,"href":"https:\/\/hablemosclarotdf.com.ar\/index.php?rest_route=%2Fwp%2Fv2%2Fcategories&post=83287"},{"taxonomy":"post_tag","embeddable":true,"href":"https:\/\/hablemosclarotdf.com.ar\/index.php?rest_route=%2Fwp%2Fv2%2Ftags&post=83287"}],"curies":[{"name":"wp","href":"https:\/\/api.w.org\/{rel}","templated":true}]}}