{"id":83284,"date":"2026-09-04T12:15:10","date_gmt":"2026-09-04T15:15:10","guid":{"rendered":"https:\/\/hablemosclarotdf.com.ar\/?p=83284"},"modified":"2026-09-04T12:15:10","modified_gmt":"2026-09-04T15:15:10","slug":"rio-grande-inicia-el-curso-universitario-en-prevencion-del-suicidio-y-promocion-de-la-vida","status":"publish","type":"post","link":"https:\/\/hablemosclarotdf.com.ar\/?p=83284","title":{"rendered":"RIO GRANDE : INICIA EL CURSO UNIVERSITARIO EN PREVENCI\u00d3N DEL SUICIDIO Y PROMOCI\u00d3N DE LA VIDA"},"content":{"rendered":"<p><i>Con m\u00e1s de 2.000 personas inscriptas esta propuesta se enmarcado en la pol\u00edtica p\u00fablica de cuidado integral que impulsa la gesti\u00f3n del intendente Mart\u00edn Perez. Las inscripciones contin\u00faan abiertas y la cursada dar\u00e1 inicio el mi\u00e9rcoles 9 de septiembre bajo una modalidad completamente virtual.<\/i><\/p>\n<p>El Municipio de R\u00edo Grande, junto a Globalpsy, la Universidad Nacional de La Plata (UNLP), la Asociaci\u00f3n de Psiquiatras Argentinos (APSA), el Ministerio P\u00fablico de la Defensa y la Asociaci\u00f3n de Psiquiatras de Am\u00e9rica Latina (APAL), contin\u00faa promoviendo acciones para el cuidado de la salud mental de la comunidad.<\/p>\n<p>En este marco, se llevar\u00e1 adelante el Curso Universitario Virtual \u201cFormadores en Prevenci\u00f3n del Suicidio y Promoci\u00f3n de la Vida\u201d, una propuesta que permite la participaci\u00f3n de personas de distintos puntos del pa\u00eds y la regi\u00f3n.<\/p>\n<p>Durante esta primera jornada, la cual se desarrollar\u00e1 el mi\u00e9rcoles 9 de septiembre a las 18 horas, se trabajar\u00e1 sobre \u201cComprender el Suicidio y Promover la Vida: Fundamentos y modelo comunitario de atenci\u00f3n\u201d y contar\u00e1 con la participaci\u00f3n de destacados profesionales en el \u00e1rea de la salud mental. Entre ellos, la Dra. Cora Luguercho y los doctores Santiago Lev\u00edn, H\u00e9ctor Basile, Juan Jos\u00e9 Fern\u00e1ndez y Agust\u00edn Perez.<\/p>\n<p>La cursada se extender\u00e1 durante dos meses bajo modalidad completamente virtual y al finalizar se otorgar\u00e1 una certificaci\u00f3n respaldada acad\u00e9micamente por la Universidad Nacional de La Plata. Se recuerda que las inscripciones contin\u00faan abiertas para quienes deseen participar del curso a trav\u00e9s del siguiente enlace: https:\/\/bit.ly\/4gI5tZQ.<\/p>\n<p>Es de mencionar que esta formaci\u00f3n de car\u00e1cter libre y gratuito es parte de una iniciativa desarrollada de manera articulada entre el \u00e1mbito municipal, acad\u00e9mico y cient\u00edfico, con el objetivo de brindar herramientas concretas para el abordaje de una problem\u00e1tica compleja como lo es el suicidio, desde una perspectiva comunitaria y preventiva.<\/p>\n<p>De esta manera, el Estado Municipal sostiene su compromiso con la prevenci\u00f3n del suicidio y el acompa\u00f1amiento en salud mental, promoviendo la capacitaci\u00f3n continua, la construcci\u00f3n de conocimiento colectivo y la consolidaci\u00f3n de una comunidad m\u00e1s emp\u00e1tica y comprometida.<\/p>\n","protected":false},"excerpt":{"rendered":"<p>Con m\u00e1s de 2.000 personas inscriptas esta propuesta se enmarcado en la pol\u00edtica p\u00fablica de&#8230;<\/p>\n","protected":false},"author":1,"featured_media":83285,"comment_status":"closed","ping_status":"closed","sticky":false,"template":"","format":"standard","meta":{"footnotes":""},"categories":[3],"tags":[],"class_list":["post-83284","post","type-post","status-publish","format-standard","has-post-thumbnail","hentry","category-noticias"],"jetpack_featured_media_url":"https:\/\/hablemosclarotdf.com.ar\/wp-content\/uploads\/2026\/09\/photo_2026-09-04_12-14-45.jpg","_links":{"self":[{"href":"https:\/\/hablemosclarotdf.com.ar\/index.php?rest_route=\/wp\/v2\/posts\/83284","targetHints":{"allow":["GET"]}}],"collection":[{"href":"https:\/\/hablemosclarotdf.com.ar\/index.php?rest_route=\/wp\/v2\/posts"}],"about":[{"href":"https:\/\/hablemosclarotdf.com.ar\/index.php?rest_route=\/wp\/v2\/types\/post"}],"author":[{"embeddable":true,"href":"https:\/\/hablemosclarotdf.com.ar\/index.php?rest_route=\/wp\/v2\/users\/1"}],"replies":[{"embeddable":true,"href":"https:\/\/hablemosclarotdf.com.ar\/index.php?rest_route=%2Fwp%2Fv2%2Fcomments&post=83284"}],"version-history":[{"count":1,"href":"https:\/\/hablemosclarotdf.com.ar\/index.php?rest_route=\/wp\/v2\/posts\/83284\/revisions"}],"predecessor-version":[{"id":83286,"href":"https:\/\/hablemosclarotdf.com.ar\/index.php?rest_route=\/wp\/v2\/posts\/83284\/revisions\/83286"}],"wp:featuredmedia":[{"embeddable":true,"href":"https:\/\/hablemosclarotdf.com.ar\/index.php?rest_route=\/wp\/v2\/media\/83285"}],"wp:attachment":[{"href":"https:\/\/hablemosclarotdf.com.ar\/index.php?rest_route=%2Fwp%2Fv2%2Fmedia&parent=83284"}],"wp:term":[{"taxonomy":"category","embeddable":true,"href":"https:\/\/hablemosclarotdf.com.ar\/index.php?rest_route=%2Fwp%2Fv2%2Fcategories&post=83284"},{"taxonomy":"post_tag","embeddable":true,"href":"https:\/\/hablemosclarotdf.com.ar\/index.php?rest_route=%2Fwp%2Fv2%2Ftags&post=83284"}],"curies":[{"name":"wp","href":"https:\/\/api.w.org\/{rel}","templated":true}]}}