{"id":83281,"date":"2026-09-04T06:06:08","date_gmt":"2026-09-04T09:06:08","guid":{"rendered":"https:\/\/hablemosclarotdf.com.ar\/?p=83281"},"modified":"2026-09-04T06:06:08","modified_gmt":"2026-09-04T09:06:08","slug":"ushuaia-vuoto-malvinas-nos-une-y-ushuaia-acompanara-cada-paso-serio-pero-pedimos-coherencia","status":"publish","type":"post","link":"https:\/\/hablemosclarotdf.com.ar\/?p=83281","title":{"rendered":"USHUAIA : VUOTO: \u201cMALVINAS NOS UNE Y USHUAIA ACOMPA\u00d1AR\u00c1 CADA PASO SERIO, PERO PEDIMOS COHERENCIA\u201d"},"content":{"rendered":"<p>El intendente de Ushuaia, capital de Malvinas, Walter Vuoto, se refiri\u00f3 a los anuncios realizados por el presidente Javier Milei durante la cadena nacional y destac\u00f3 las medidas vinculadas al fortalecimiento de la soberan\u00eda nacional, la defensa del Atl\u00e1ntico Sur y la cuesti\u00f3n Malvinas, aunque reclam\u00f3 \u201ccoherencia\u201d y continuidad en las pol\u00edticas destinadas a Tierra del Fuego. El jefe comunal fij\u00f3 su posici\u00f3n a trav\u00e9s de un hilo publicado en la red social X.<\/p>\n<p>\u201cDesde la ciudad m\u00e1s austral del mundo, la capital de Malvinas, quiero ser claro sobre lo que valoramos y lo que falta. Ac\u00e1 la soberan\u00eda no es un tema de agenda: es la vida cotidiana\u201d, plante\u00f3 Vuoto al iniciar su mensaje.<\/p>\n<p>En ese marco, valor\u00f3 el anuncio de sanciones a las empresas petroleras que operan en las Islas Malvinas sin autorizaci\u00f3n argentina, aunque record\u00f3 que existe un marco legal vigente desde 2011. \u201cSancionar a las petroleras que operan en Malvinas sin autorizaci\u00f3n argentina est\u00e1 bien. Pero no es nuevo: es la Ley 26.659, sancionada en 2011\u201d, sostuvo, y agreg\u00f3 que \u201cque hoy se fortalezca y se aplique con decisi\u00f3n es una buena noticia\u201d, aunque cuestion\u00f3 el tiempo transcurrido hasta su aplicaci\u00f3n.<\/p>\n<p>Tambi\u00e9n puso el foco en el anuncio de la Base Naval Integrada de Ushuaia y record\u00f3 que el proyecto hab\u00eda sido impulsado durante la gesti\u00f3n nacional anterior, cuando se coloc\u00f3 la piedra fundacional junto al entonces ministro de Defensa Jorge Taiana, comenz\u00f3 su construcci\u00f3n y fue incorporado al Presupuesto nacional. \u201cEn 2024 este mismo gobierno la fren\u00f3 y la ofreci\u00f3 a Estados Unidos como proyecto conjunto. Hoy la vuelve a anunciar como propia\u201d, cuestion\u00f3.<\/p>\n<p>En la misma l\u00ednea, Vuoto advirti\u00f3 sobre la decisi\u00f3n de poner en venta tierras de la Armada en Ushuaia y plante\u00f3 que existe una contradicci\u00f3n entre desprenderse de territorio y, al mismo tiempo, anunciar un mayor despliegue soberano en el Atl\u00e1ntico Sur. \u201cNo se puede hablar de presencia soberana en el Atl\u00e1ntico Sur y al mismo tiempo desprenderse del suelo que la sostiene\u201d, afirm\u00f3.<\/p>\n<p>El Intendente tambi\u00e9n ampli\u00f3 la discusi\u00f3n sobre soberan\u00eda hacia las condiciones de vida y el arraigo en Tierra del Fuego. \u201cTierra del Fuego hoy pelea los primeros puestos de p\u00e9rdida de empleo privado del pa\u00eds\u201d, se\u00f1al\u00f3, y remarc\u00f3 que \u201ccada f\u00e1brica que cierra y cada familia que se va del sur es soberan\u00eda que se pierde, aunque no salga en una cadena nacional\u201d.<\/p>\n<p>Respecto del fortalecimiento de las capacidades de defensa y control del mar, Vuoto coincidi\u00f3 con la necesidad de contar con mayores recursos y reclam\u00f3 que los anuncios se traduzcan en decisiones concretas. En ese sentido, sostuvo que \u201ctiene que haber mayor presupuesto para fortalecer nuestras capacidades de defensa y control del mar\u201d, y pidi\u00f3 que \u201cel DNU se cumpla, que la plata llegue y que la obra se haga con la provincia y el municipio adentro, no de espaldas\u201d.<\/p>\n<p>A su vez, record\u00f3 que los proyectos anunciados deber\u00e1n atravesar el debate parlamentario y convoc\u00f3 a los legisladores a incorporar la mirada de Tierra del Fuego. \u201cAh\u00ed se va a ver si esto es una verdadera pol\u00edtica de Estado\u201d, plante\u00f3 Vuoto, quien pidi\u00f3 a \u201clos legisladores fueguinos y de todo el pa\u00eds que lo traten con seriedad y con la voz de Tierra del Fuego en la mesa\u201d.<\/p>\n<p>El jefe comunal sostuvo adem\u00e1s que defender la soberan\u00eda sobre Malvinas implica tambi\u00e9n garantizar el arraigo de quienes viven en el extremo sur. \u201cDefender Malvinas no es solo eso. Es poblar nuestras islas: que vivir en Tierra del Fuego sea posible, con trabajo, vivienda, conectividad y salud\u201d, expres\u00f3, y sintetiz\u00f3 su planteo al se\u00f1alar que \u201cla mejor pol\u00edtica de soberan\u00eda es un fueguino que decide quedarse\u201d.<\/p>\n<p>Finalmente, Vuoto reafirm\u00f3 que Ushuaia acompa\u00f1ar\u00e1 las iniciativas que representen avances concretos en materia de soberan\u00eda y defensa nacional. \u201cMalvinas es una causa de todos los argentinos y va a encontrar a Ushuaia acompa\u00f1ando cada paso serio que se d\u00e9\u201d, sostuvo.<\/p>\n<p>Al mismo tiempo, reclam\u00f3 que exista coherencia entre los anuncios y las decisiones futuras: \u201cLo que pedimos es coherencia: que las medidas de hoy no se contradigan ma\u00f1ana, y que el sur no sea solo escenograf\u00eda\u201d.<\/p>\n<p>\u201cLas Malvinas fueron, son y ser\u00e1n argentinas\u201d, concluy\u00f3.<\/p>\n","protected":false},"excerpt":{"rendered":"<p>El intendente de Ushuaia, capital de Malvinas, Walter Vuoto, se refiri\u00f3 a los anuncios realizados&#8230;<\/p>\n","protected":false},"author":1,"featured_media":83282,"comment_status":"closed","ping_status":"closed","sticky":false,"template":"","format":"standard","meta":{"footnotes":""},"categories":[3],"tags":[],"class_list":["post-83281","post","type-post","status-publish","format-standard","has-post-thumbnail","hentry","category-noticias"],"jetpack_featured_media_url":"https:\/\/hablemosclarotdf.com.ar\/wp-content\/uploads\/2026\/09\/photo_2026-09-04_06-03-34.jpg","_links":{"self":[{"href":"https:\/\/hablemosclarotdf.com.ar\/index.php?rest_route=\/wp\/v2\/posts\/83281","targetHints":{"allow":["GET"]}}],"collection":[{"href":"https:\/\/hablemosclarotdf.com.ar\/index.php?rest_route=\/wp\/v2\/posts"}],"about":[{"href":"https:\/\/hablemosclarotdf.com.ar\/index.php?rest_route=\/wp\/v2\/types\/post"}],"author":[{"embeddable":true,"href":"https:\/\/hablemosclarotdf.com.ar\/index.php?rest_route=\/wp\/v2\/users\/1"}],"replies":[{"embeddable":true,"href":"https:\/\/hablemosclarotdf.com.ar\/index.php?rest_route=%2Fwp%2Fv2%2Fcomments&post=83281"}],"version-history":[{"count":1,"href":"https:\/\/hablemosclarotdf.com.ar\/index.php?rest_route=\/wp\/v2\/posts\/83281\/revisions"}],"predecessor-version":[{"id":83283,"href":"https:\/\/hablemosclarotdf.com.ar\/index.php?rest_route=\/wp\/v2\/posts\/83281\/revisions\/83283"}],"wp:featuredmedia":[{"embeddable":true,"href":"https:\/\/hablemosclarotdf.com.ar\/index.php?rest_route=\/wp\/v2\/media\/83282"}],"wp:attachment":[{"href":"https:\/\/hablemosclarotdf.com.ar\/index.php?rest_route=%2Fwp%2Fv2%2Fmedia&parent=83281"}],"wp:term":[{"taxonomy":"category","embeddable":true,"href":"https:\/\/hablemosclarotdf.com.ar\/index.php?rest_route=%2Fwp%2Fv2%2Fcategories&post=83281"},{"taxonomy":"post_tag","embeddable":true,"href":"https:\/\/hablemosclarotdf.com.ar\/index.php?rest_route=%2Fwp%2Fv2%2Ftags&post=83281"}],"curies":[{"name":"wp","href":"https:\/\/api.w.org\/{rel}","templated":true}]}}