{"id":83252,"date":"2026-09-03T23:38:27","date_gmt":"2026-09-04T02:38:27","guid":{"rendered":"https:\/\/hablemosclarotdf.com.ar\/?p=83252"},"modified":"2026-09-03T23:38:27","modified_gmt":"2026-09-04T02:38:27","slug":"tierra-del-fuego-aeias-reafirma-su-compromiso-con-la-defensa-de-la-soberania-argentina-en-el-atlantico-sur","status":"publish","type":"post","link":"https:\/\/hablemosclarotdf.com.ar\/?p=83252","title":{"rendered":"TIERRA DEL FUEGO AeIAS REAFIRMA SU COMPROMISO CON LA DEFENSA DE LA SOBERAN\u00cdA ARGENTINA EN EL ATL\u00c1NTICO SUR"},"content":{"rendered":"<p>Desde el Gobierno de la Provincia de Tierra del Fuego, Ant\u00e1rtida e Islas del Atl\u00e1ntico Sur destacamos el cambio de posici\u00f3n expresado por el Gobierno Nacional respecto de la defensa de los leg\u00edtimos derechos soberanos de la Rep\u00fablica Argentina sobre las Islas Malvinas, Georgias del Sur, S\u00e1ndwich del Sur y los espacios mar\u00edtimos e insulares correspondientes.<\/p>\n<p>La Provincia acompa\u00f1a toda decisi\u00f3n orientada a consolidar un frente nacional, pol\u00edtico e institucional que permita avanzar desde las declaraciones hacia acciones concretas frente a la ocupaci\u00f3n brit\u00e1nica y la explotaci\u00f3n ileg\u00edtima de nuestros recursos naturales. Se trata, precisamente, de una pol\u00edtica que Tierra del Fuego viene reclamando desde hace a\u00f1os y planteando de manera sostenida ante el Gobierno Nacional y la Canciller\u00eda.<\/p>\n<p>En este sentido, valoramos que el Gobierno Nacional reconozca la necesidad de fortalecer la presencia argentina en el Atl\u00e1ntico Sur. La conformaci\u00f3n y puesta en funcionamiento de la Base Naval Integrada constituye una herramienta relevante para ese objetivo y reafirma una convicci\u00f3n que nuestra Provincia sostiene desde hace tiempo: la centralidad geopol\u00edtica del Atl\u00e1ntico Sur y la condici\u00f3n bicontinental de la Argentina requieren pol\u00edticas de Estado permanentes, recursos adecuados y una presencia efectiva en la regi\u00f3n.<\/p>\n<p>Sin embargo, entendemos que esta estrategia debe ser integral. Por ello, reiteramos el hist\u00f3rico reclamo de Tierra del Fuego para acceder a las tierras necesarias para desarrollar el Polo Log\u00edstico Ant\u00e1rtico. Su proyecci\u00f3n comercial, cient\u00edfica, log\u00edstica y de servicios requiere una conducci\u00f3n civil y provincial que complemente la infraestructura destinada a la defensa nacional y, al mismo tiempo, fortalezca las capacidades productivas, cient\u00edficas y log\u00edsticas de la Provincia.<\/p>\n<p>Defensa, desarrollo y proyecci\u00f3n ant\u00e1rtica deben formar parte de una misma estrategia nacional, con pleno respeto por las competencias y responsabilidades de cada jurisdicci\u00f3n.<\/p>\n<p>La firmeza que comienza a expresarse frente a la situaci\u00f3n del Atl\u00e1ntico Sur debe traducirse tambi\u00e9n, de manera urgente, en la resoluci\u00f3n de las cuestiones pendientes que afectan directamente nuestra soberan\u00eda y nuestra seguridad.<\/p>\n<p>Una verdadera pol\u00edtica de Estado para el Atl\u00e1ntico Sur exige, asimismo, proteger nuestros recursos naturales y adoptar todas las medidas necesarias frente a quienes contribuyan, directa o indirectamente, a su explotaci\u00f3n ileg\u00edtima. Los recursos existentes en los espacios mar\u00edtimos correspondientes a nuestras Islas pertenecen al pueblo argentino y forman parte de los derechos soberanos que la Naci\u00f3n debe defender mediante todos los instrumentos jur\u00eddicos disponibles.<\/p>\n<p>Con esa convicci\u00f3n, el Gobierno Provincial impulsar\u00e1 ante la Legislatura un nuevo marco normativo destinado a impedir que empresas nacionales o extranjeras utilicen territorio, infraestructura o capacidades log\u00edsticas bajo jurisdicci\u00f3n provincial para asistir actividades vinculadas con la ocupaci\u00f3n brit\u00e1nica o con la exploraci\u00f3n y explotaci\u00f3n ileg\u00edtima de nuestros recursos naturales.<\/p>\n<p>La iniciativa establecer\u00e1 mecanismos espec\u00edficos para identificar y sancionar operaciones de transporte, abastecimiento, asistencia t\u00e9cnica y apoyo log\u00edstico vinculadas con dichas actividades, y fortalecer\u00e1 las facultades provinciales para adoptar medidas fiscales, patrimoniales y comerciales frente a quienes participen del sostenimiento material de la explotaci\u00f3n ileg\u00edtima de recursos argentinos.<\/p>\n<p>Tierra del Fuego no puede ni debe convertirse en plataforma log\u00edstica de quienes contribuyen al aprovechamiento ileg\u00edtimo de recursos que pertenecen a nuestro pa\u00eds.<\/p>\n<p>Pero ninguna estrategia ser\u00e1 suficiente si las medidas internas no son acompa\u00f1adas por una pol\u00edtica diplom\u00e1tica y jur\u00eddica sostenida en el plano internacional.<\/p>\n<p>En este marco, resulta necesario que la Rep\u00fablica Argentina profundice las acciones destinadas a denunciar las actividades unilaterales brit\u00e1nicas en el \u00e1rea en disputa y a defender, ante los organismos internacionales correspondientes, el pleno cumplimiento de las resoluciones de las Naciones Unidas relativas a la Cuesti\u00f3n Malvinas.<\/p>\n<p>Frente al avance de la exploraci\u00f3n y explotaci\u00f3n hidrocarbur\u00edfera en el \u00e1rea en disputa, nuestro pa\u00eds debe llevar nuevamente esta situaci\u00f3n a consideraci\u00f3n de la comunidad internacional y exponer la gravedad de aquellas acciones unilaterales, contrarias al proceso recomendado por las Naciones Unidas.<\/p>\n<p>Al mismo tiempo, la Argentina debe desplegar una estrategia diplom\u00e1tica destinada a reunir los apoyos internacionales necesarios para evaluar e impulsar las v\u00edas judiciales y jurisdiccionales disponibles que permitan procurar la suspensi\u00f3n del avance de la explotaci\u00f3n hidrocarbur\u00edfera ileg\u00edtima.<\/p>\n<p>Si existe la posibilidad de que comiencen actividades de explotaci\u00f3n de nuestros recursos en los pr\u00f3ximos a\u00f1os, la respuesta no puede llegar cuando el da\u00f1o ya se haya consumado. La Argentina debe utilizar, de manera coordinada, todos los instrumentos pol\u00edticos, diplom\u00e1ticos y jur\u00eddicos que ofrece el Derecho Internacional para defender sus derechos soberanos e intentar impedir la consolidaci\u00f3n de hechos consumados.<\/p>\n<p>Para construir genuinamente una pol\u00edtica de Estado sobre la Cuesti\u00f3n Malvinas, consideramos igualmente indispensable la urgente reactivaci\u00f3n del Consejo Nacional de Asuntos Relativos a las Islas Malvinas, creado por ley como \u00e1mbito plural e interinstitucional destinado a contribuir a la elaboraci\u00f3n de pol\u00edticas de mediano y largo plazo.<\/p>\n<p>Resulta dif\u00edcil justificar que, ante un escenario de creciente actividad brit\u00e1nica en el Atl\u00e1ntico Sur y de avance sobre nuestros recursos naturales, el principal \u00e1mbito institucional concebido para contribuir al dise\u00f1o de una estrategia nacional permanezca paralizado.<\/p>\n<p>Desde el Gobierno de Tierra del Fuego, Ant\u00e1rtida e Islas del Atl\u00e1ntico Sur solicitaremos formalmente al Poder Ejecutivo Nacional una mayor apertura al di\u00e1logo y una participaci\u00f3n efectiva de nuestra Provincia en la definici\u00f3n de estas pol\u00edticas.<\/p>\n<p>No reclamamos un lugar meramente consultivo. Reclamamos el lugar institucional que corresponde a la Provincia directamente involucrada.<\/p>\n<p>Las Islas Malvinas, Georgias del Sur, S\u00e1ndwich del Sur y sus espacios mar\u00edtimos e insulares correspondientes son, por mandato constitucional, parte indivisible del territorio provincial. Por ello, Tierra del Fuego no puede quedar al margen de las decisiones que afectan directamente a su territorio, sus recursos y su proyecci\u00f3n estrat\u00e9gica.<\/p>\n<p>Nuestra Provincia ya ha dado pasos concretos en defensa de los derechos soberanos argentinos y de nuestros recursos naturales, entre ellos la presentaci\u00f3n realizada ante la Autoridad de Valores de Israel respecto de las actividades de empresas vinculadas con la explotaci\u00f3n hidrocarbur\u00edfera en el \u00e1rea en disputa.<\/p>\n<p>En este nuevo escenario, convocamos al Gobierno Nacional a acompa\u00f1ar y respaldar institucionalmente las acciones que la Provincia ya ha puesto en marcha, fortaleciendo una estrategia com\u00fan destinada a defender nuestros derechos soberanos, proteger nuestros recursos naturales y reafirmar la presencia argentina en el Atl\u00e1ntico Sur.<\/p>\n<p>Tierra del Fuego reafirma su compromiso con una pol\u00edtica de Estado que coloque a la soberan\u00eda, la defensa de los recursos naturales, el desarrollo del Atl\u00e1ntico Sur y la proyecci\u00f3n ant\u00e1rtica en el centro de la agenda nacional.<\/p>\n","protected":false},"excerpt":{"rendered":"<p>Desde el Gobierno de la Provincia de Tierra del Fuego, Ant\u00e1rtida e Islas del Atl\u00e1ntico&#8230;<\/p>\n","protected":false},"author":1,"featured_media":83253,"comment_status":"closed","ping_status":"closed","sticky":false,"template":"","format":"standard","meta":{"footnotes":""},"categories":[3],"tags":[],"class_list":["post-83252","post","type-post","status-publish","format-standard","has-post-thumbnail","hentry","category-noticias"],"jetpack_featured_media_url":"https:\/\/hablemosclarotdf.com.ar\/wp-content\/uploads\/2026\/09\/photo_2026-09-03_23-37-58.jpg","_links":{"self":[{"href":"https:\/\/hablemosclarotdf.com.ar\/index.php?rest_route=\/wp\/v2\/posts\/83252","targetHints":{"allow":["GET"]}}],"collection":[{"href":"https:\/\/hablemosclarotdf.com.ar\/index.php?rest_route=\/wp\/v2\/posts"}],"about":[{"href":"https:\/\/hablemosclarotdf.com.ar\/index.php?rest_route=\/wp\/v2\/types\/post"}],"author":[{"embeddable":true,"href":"https:\/\/hablemosclarotdf.com.ar\/index.php?rest_route=\/wp\/v2\/users\/1"}],"replies":[{"embeddable":true,"href":"https:\/\/hablemosclarotdf.com.ar\/index.php?rest_route=%2Fwp%2Fv2%2Fcomments&post=83252"}],"version-history":[{"count":1,"href":"https:\/\/hablemosclarotdf.com.ar\/index.php?rest_route=\/wp\/v2\/posts\/83252\/revisions"}],"predecessor-version":[{"id":83254,"href":"https:\/\/hablemosclarotdf.com.ar\/index.php?rest_route=\/wp\/v2\/posts\/83252\/revisions\/83254"}],"wp:featuredmedia":[{"embeddable":true,"href":"https:\/\/hablemosclarotdf.com.ar\/index.php?rest_route=\/wp\/v2\/media\/83253"}],"wp:attachment":[{"href":"https:\/\/hablemosclarotdf.com.ar\/index.php?rest_route=%2Fwp%2Fv2%2Fmedia&parent=83252"}],"wp:term":[{"taxonomy":"category","embeddable":true,"href":"https:\/\/hablemosclarotdf.com.ar\/index.php?rest_route=%2Fwp%2Fv2%2Fcategories&post=83252"},{"taxonomy":"post_tag","embeddable":true,"href":"https:\/\/hablemosclarotdf.com.ar\/index.php?rest_route=%2Fwp%2Fv2%2Ftags&post=83252"}],"curies":[{"name":"wp","href":"https:\/\/api.w.org\/{rel}","templated":true}]}}