{"id":83249,"date":"2026-09-03T21:22:59","date_gmt":"2026-09-04T00:22:59","guid":{"rendered":"https:\/\/hablemosclarotdf.com.ar\/?p=83249"},"modified":"2026-09-03T21:22:59","modified_gmt":"2026-09-04T00:22:59","slug":"ushuaia-ofrece-un-taller-virtual-para-acompanar-a-jovenes-en-la-elaboracion-de-proyectos-de-accion-climatica","status":"publish","type":"post","link":"https:\/\/hablemosclarotdf.com.ar\/?p=83249","title":{"rendered":"USHUAIA OFRECE UN TALLER VIRTUAL PARA ACOMPA\u00d1AR A J\u00d3VENES EN LA ELABORACI\u00d3N DE PROYECTOS DE ACCI\u00d3N CLIM\u00c1TICA"},"content":{"rendered":"<p>La Municipalidad de Ushuaia, brindar\u00e1 un taller virtual de cocreaci\u00f3n de proyectos destinado a j\u00f3venes interesados en participar de la convocatoria \u201cS\u00famate a la Acci\u00f3n Clim\u00e1tica en Ushuaia\u201d, en el marco del Fondo de Acci\u00f3n Clim\u00e1tica Juvenil (Youth Climate Action Fund) de Bloomberg Philanthropies.<\/p>\n<p>Bajo el t\u00edtulo \u201cUn punto de partida: del Plan de Acci\u00f3n a tu Proyecto\u201d, la licenciada Virginia Rizzo brindar\u00e1 herramientas y asesoramiento para acompa\u00f1ar a los j\u00f3venes en el proceso de transformar sus ideas e inquietudes ambientales en propuestas concretas, en l\u00ednea con los objetivos del Plan Local de Acci\u00f3n Clim\u00e1tica 2030.<\/p>\n<p>El taller se realizar\u00e1 el lunes 7 de septiembre, en dos horarios, a las 13:00 y a las 18:00 horas, mediante la plataforma Google Meet. La propuesta est\u00e1 dirigida a j\u00f3venes de entre 15 y 24 a\u00f1os interesados en desarrollar iniciativas vinculadas al cuidado del ambiente, la acci\u00f3n clim\u00e1tica y la construcci\u00f3n de una Ushuaia m\u00e1s sustentable y resiliente.<\/p>\n<p>La actividad forma parte del acompa\u00f1amiento que lleva adelante el Municipio para facilitar la participaci\u00f3n de las juventudes en la convocatoria del Fondo de Acci\u00f3n Clim\u00e1tica Juvenil, luego de que Ushuaia fuera seleccionada entre 300 ciudades de todo el mundo para integrar esta iniciativa de Bloomberg Philanthropies.<\/p>\n<p>Las personas interesadas podr\u00e1n inscribirse comunic\u00e1ndose al <b>+54 9 2901 658603<\/b>.<\/p>\n<p>*Lunes 7 de septiembre*<\/p>\n<p>*13:00 horas*<br \/>\nhttps:\/\/meet.google.com\/jfq-onir-zyy?authuser=0<\/p>\n<p>*18:00 horas*<br \/>\nhttps:\/\/meet.google.com\/rrs-iegk-hhr<\/p>\n<p><a href=\"https:\/\/meet.google.com\/jfq-onir-zyy?authuser=0\">Google<\/a><br \/>\nReal-time meetings by Google. Using your browser, share your video, desktop, and presentations with teammates and customers.<\/p>\n","protected":false},"excerpt":{"rendered":"<p>La Municipalidad de Ushuaia, brindar\u00e1 un taller virtual de cocreaci\u00f3n de proyectos destinado a j\u00f3venes&#8230;<\/p>\n","protected":false},"author":1,"featured_media":83250,"comment_status":"closed","ping_status":"closed","sticky":false,"template":"","format":"standard","meta":{"footnotes":""},"categories":[3],"tags":[],"class_list":["post-83249","post","type-post","status-publish","format-standard","has-post-thumbnail","hentry","category-noticias"],"jetpack_featured_media_url":"https:\/\/hablemosclarotdf.com.ar\/wp-content\/uploads\/2026\/09\/photo_2026-09-03_21-22-28.jpg","_links":{"self":[{"href":"https:\/\/hablemosclarotdf.com.ar\/index.php?rest_route=\/wp\/v2\/posts\/83249","targetHints":{"allow":["GET"]}}],"collection":[{"href":"https:\/\/hablemosclarotdf.com.ar\/index.php?rest_route=\/wp\/v2\/posts"}],"about":[{"href":"https:\/\/hablemosclarotdf.com.ar\/index.php?rest_route=\/wp\/v2\/types\/post"}],"author":[{"embeddable":true,"href":"https:\/\/hablemosclarotdf.com.ar\/index.php?rest_route=\/wp\/v2\/users\/1"}],"replies":[{"embeddable":true,"href":"https:\/\/hablemosclarotdf.com.ar\/index.php?rest_route=%2Fwp%2Fv2%2Fcomments&post=83249"}],"version-history":[{"count":1,"href":"https:\/\/hablemosclarotdf.com.ar\/index.php?rest_route=\/wp\/v2\/posts\/83249\/revisions"}],"predecessor-version":[{"id":83251,"href":"https:\/\/hablemosclarotdf.com.ar\/index.php?rest_route=\/wp\/v2\/posts\/83249\/revisions\/83251"}],"wp:featuredmedia":[{"embeddable":true,"href":"https:\/\/hablemosclarotdf.com.ar\/index.php?rest_route=\/wp\/v2\/media\/83250"}],"wp:attachment":[{"href":"https:\/\/hablemosclarotdf.com.ar\/index.php?rest_route=%2Fwp%2Fv2%2Fmedia&parent=83249"}],"wp:term":[{"taxonomy":"category","embeddable":true,"href":"https:\/\/hablemosclarotdf.com.ar\/index.php?rest_route=%2Fwp%2Fv2%2Fcategories&post=83249"},{"taxonomy":"post_tag","embeddable":true,"href":"https:\/\/hablemosclarotdf.com.ar\/index.php?rest_route=%2Fwp%2Fv2%2Ftags&post=83249"}],"curies":[{"name":"wp","href":"https:\/\/api.w.org\/{rel}","templated":true}]}}