{"id":83245,"date":"2026-09-03T21:21:24","date_gmt":"2026-09-04T00:21:24","guid":{"rendered":"https:\/\/hablemosclarotdf.com.ar\/?p=83245"},"modified":"2026-09-03T21:21:24","modified_gmt":"2026-09-04T00:21:24","slug":"rio-grande-sube-informa-sobre-demoras-en-la-acreditacion-de-cargas-sube","status":"publish","type":"post","link":"https:\/\/hablemosclarotdf.com.ar\/?p=83245","title":{"rendered":"RIO GRANDE : SUBE INFORMA SOBRE DEMORAS EN LA ACREDITACI\u00d3N DE CARGAS SUBE"},"content":{"rendered":"<p><i>SUBE informa a la comunidad que se registran demoras en la acreditaci\u00f3n de cargas electr\u00f3nicas de la tarjeta SUBE, debido a inconvenientes vinculados con el proveedor de servicios de telecomunicaciones, ajenos al sistema.<\/i><\/p>\n<p>Seg\u00fan se inform\u00f3 oficialmente, los equipos t\u00e9cnicos se encuentran trabajando para normalizar el servicio a la brevedad.<\/p>\n<p>En este marco, se recomienda a quienes hayan realizado una carga electr\u00f3nica no repetir la operaci\u00f3n y aguardar para intentar acreditarla nuevamente m\u00e1s tarde.<\/p>\n<p>Mientras se normaliza el servicio, los usuarios del transporte p\u00fablico de pasajeros cuentan con alternativas para abonar sus viajes, entre ellas:<\/p>\n<p>* SUBE Digital<br \/>\n* Tarjetas de d\u00e9bito, cr\u00e9dito y prepagas<br \/>\n* Celulares y relojes con tecnolog\u00eda NFC que tengan asociadas dichas tarjetas.<br \/>\n* Billeteras electr\u00f3nicas, mediante la generaci\u00f3n de un c\u00f3digo QR.<\/p>\n<p>La normalizaci\u00f3n del servicio ser\u00e1 comunicada a trav\u00e9s de los canales oficiales de SUBE.<\/p>\n<p>Por cualquier inconveniente los usuarios pueden acercarse al Punto Sube ubicado en Av. 9 de Julio 431.<\/p>\n<p>&nbsp;<\/p>\n<p><img loading=\"lazy\" decoding=\"async\" class=\"alignnone size-medium wp-image-83247\" src=\"https:\/\/hablemosclarotdf.com.ar\/wp-content\/uploads\/2026\/09\/photo_2026-09-03_21-19-17-248x300.jpg\" alt=\"\" width=\"248\" height=\"300\" srcset=\"https:\/\/hablemosclarotdf.com.ar\/wp-content\/uploads\/2026\/09\/photo_2026-09-03_21-19-17-248x300.jpg 248w, https:\/\/hablemosclarotdf.com.ar\/wp-content\/uploads\/2026\/09\/photo_2026-09-03_21-19-17-846x1024.jpg 846w, https:\/\/hablemosclarotdf.com.ar\/wp-content\/uploads\/2026\/09\/photo_2026-09-03_21-19-17-768x929.jpg 768w, https:\/\/hablemosclarotdf.com.ar\/wp-content\/uploads\/2026\/09\/photo_2026-09-03_21-19-17-1024x1239.jpg 1024w, https:\/\/hablemosclarotdf.com.ar\/wp-content\/uploads\/2026\/09\/photo_2026-09-03_21-19-17.jpg 1058w\" sizes=\"auto, (max-width: 248px) 100vw, 248px\" \/><\/p>\n","protected":false},"excerpt":{"rendered":"<p>SUBE informa a la comunidad que se registran demoras en la acreditaci\u00f3n de cargas electr\u00f3nicas&#8230;<\/p>\n","protected":false},"author":1,"featured_media":83246,"comment_status":"closed","ping_status":"closed","sticky":false,"template":"","format":"standard","meta":{"footnotes":""},"categories":[3],"tags":[],"class_list":["post-83245","post","type-post","status-publish","format-standard","has-post-thumbnail","hentry","category-noticias"],"jetpack_featured_media_url":"https:\/\/hablemosclarotdf.com.ar\/wp-content\/uploads\/2026\/09\/images.png","_links":{"self":[{"href":"https:\/\/hablemosclarotdf.com.ar\/index.php?rest_route=\/wp\/v2\/posts\/83245","targetHints":{"allow":["GET"]}}],"collection":[{"href":"https:\/\/hablemosclarotdf.com.ar\/index.php?rest_route=\/wp\/v2\/posts"}],"about":[{"href":"https:\/\/hablemosclarotdf.com.ar\/index.php?rest_route=\/wp\/v2\/types\/post"}],"author":[{"embeddable":true,"href":"https:\/\/hablemosclarotdf.com.ar\/index.php?rest_route=\/wp\/v2\/users\/1"}],"replies":[{"embeddable":true,"href":"https:\/\/hablemosclarotdf.com.ar\/index.php?rest_route=%2Fwp%2Fv2%2Fcomments&post=83245"}],"version-history":[{"count":1,"href":"https:\/\/hablemosclarotdf.com.ar\/index.php?rest_route=\/wp\/v2\/posts\/83245\/revisions"}],"predecessor-version":[{"id":83248,"href":"https:\/\/hablemosclarotdf.com.ar\/index.php?rest_route=\/wp\/v2\/posts\/83245\/revisions\/83248"}],"wp:featuredmedia":[{"embeddable":true,"href":"https:\/\/hablemosclarotdf.com.ar\/index.php?rest_route=\/wp\/v2\/media\/83246"}],"wp:attachment":[{"href":"https:\/\/hablemosclarotdf.com.ar\/index.php?rest_route=%2Fwp%2Fv2%2Fmedia&parent=83245"}],"wp:term":[{"taxonomy":"category","embeddable":true,"href":"https:\/\/hablemosclarotdf.com.ar\/index.php?rest_route=%2Fwp%2Fv2%2Fcategories&post=83245"},{"taxonomy":"post_tag","embeddable":true,"href":"https:\/\/hablemosclarotdf.com.ar\/index.php?rest_route=%2Fwp%2Fv2%2Ftags&post=83245"}],"curies":[{"name":"wp","href":"https:\/\/api.w.org\/{rel}","templated":true}]}}