{"id":83236,"date":"2026-09-03T18:43:09","date_gmt":"2026-09-03T21:43:09","guid":{"rendered":"https:\/\/hablemosclarotdf.com.ar\/?p=83236"},"modified":"2026-09-03T18:43:09","modified_gmt":"2026-09-03T21:43:09","slug":"ushuaia-a-sala-llena-la-banda-municipal-llevo-adelante-una-nueva-edicion-de-latitud-54-punto-de-encuentro","status":"publish","type":"post","link":"https:\/\/hablemosclarotdf.com.ar\/?p=83236","title":{"rendered":"USHUAIA : A SALA LLENA, LA BANDA MUNICIPAL  LLEV\u00d3 ADELANTE UNA NUEVA EDICI\u00d3N DE \u201cLATITUD 54: PUNTO DE ENCUENTRO\u201d"},"content":{"rendered":"<p>La Banda Municipal de Ushuaia llev\u00f3 adelante una nueva edici\u00f3n de \u201cLatitud 54: Punto de Encuentro\u201d, con su tercer encuentro realizado este mi\u00e9rcoles 2 de septiembre en la sala Nin\u00ed Marshall de la Casa de la Cultura Enriqueta Gastelumendi, a sala llena y con la participaci\u00f3n de destacados m\u00fasicos invitados.<\/p>\n<p>En esta oportunidad, el espect\u00e1culo cont\u00f3 con la presencia de la saxofonista noruega, Gudrun Faleide Frestad, quien interpret\u00f3 tres obras, dos como solista y una junto a la Banda Municipal. Entre ellas se destac\u00f3 \u201cPeace, Please\u201d, del compositor noruego Frode Thingn\u00e6s, en un arreglo exclusivo realizado especialmente para este recital.<\/p>\n<p>Dicha pieza fue encargada por el Cuartel General de Defensa como regalo y agradecimiento a las fuerzas de mantenimiento de la paz de las Naciones Unidas, que recibieron el Premio Nobel de la Paz en 1988. Thingn\u00e6s falleci\u00f3 hace algunos a\u00f1os y su familia autoriz\u00f3 la realizaci\u00f3n de esta versi\u00f3n especial para la Banda Municipal y Gudrun Faleide Frestad. Durante el encuentro, tambi\u00e9n se present\u00f3 el baterista ushuaiense Luis Nievas, qui\u00e9n conform\u00f3 la Banda Municipal durante las d\u00e9cadas de 1980 y 1990, compartiendo escenario durante algunos temas.<\/p>\n<p>David Ferreyra, secretario de Pol\u00edticas Ambientales, Culturales y Educativas, resalt\u00f3 que \u201cnos llena de orgullo poder presentar este espect\u00e1culo con una artista de calibre internacional junto a nuestra Banda Municipal y artistas de nuestra ciudad, fortaleciendo la agenda cultural de nuestra ciudad y visibilizando el talento de las y los trabajadores de la cultura\u201d.<\/p>\n<p>El director de la Banda Municipal, Luis \u00c1lvarez, destac\u00f3 la posibilidad de interpretar esta obra y se\u00f1al\u00f3 que \u201cnos llena de tremendo orgullo poder interpretar \u2018Peace, Please\u2019, una obra original y tan significativa para Noruega, y haberla tra\u00eddo aqu\u00ed, al fin del mundo, al otro lado del mundo\u201d.<\/p>\n<p>\u00c1lvarez valor\u00f3 especialmente la convocatoria alcanzada y sostuvo que \u201cfue un \u00e9xito absoluto para nosotros, para los m\u00fasicos, y al parecer tambi\u00e9n para la gente. Eso nos lo hizo llegar con sus aplausos\u201d.<\/p>\n<p>El director agradeci\u00f3 el acompa\u00f1amiento de las distintas \u00e1reas de la Municipalidad de Ushuaia y de los medios de comunicaci\u00f3n por la difusi\u00f3n del espect\u00e1culo. Tambi\u00e9n destac\u00f3 especialmente a Canal 11 Televisi\u00f3n Fueguina por la cobertura y grabaci\u00f3n del recital.<\/p>\n<p>\u201cEstamos muy agradecidos con todos los que hicieron posible este encuentro y con la comunidad que nos acompa\u00f1\u00f3. Poder compartir la m\u00fasica de la Banda Municipal y generar estos espacios de encuentro es algo que nos llena de orgullo\u201d, concluy\u00f3.<\/p>\n<p>&nbsp;<\/p>\n<p><img loading=\"lazy\" decoding=\"async\" class=\"alignnone size-medium wp-image-83238\" src=\"https:\/\/hablemosclarotdf.com.ar\/wp-content\/uploads\/2026\/09\/photo_2026-09-03_18-42-10-300x200.jpg\" alt=\"\" width=\"300\" height=\"200\" srcset=\"https:\/\/hablemosclarotdf.com.ar\/wp-content\/uploads\/2026\/09\/photo_2026-09-03_18-42-10-300x200.jpg 300w, https:\/\/hablemosclarotdf.com.ar\/wp-content\/uploads\/2026\/09\/photo_2026-09-03_18-42-10-1024x682.jpg 1024w, https:\/\/hablemosclarotdf.com.ar\/wp-content\/uploads\/2026\/09\/photo_2026-09-03_18-42-10-768x512.jpg 768w, https:\/\/hablemosclarotdf.com.ar\/wp-content\/uploads\/2026\/09\/photo_2026-09-03_18-42-10.jpg 1280w\" sizes=\"auto, (max-width: 300px) 100vw, 300px\" \/> <img loading=\"lazy\" decoding=\"async\" class=\"alignnone size-medium wp-image-83239\" src=\"https:\/\/hablemosclarotdf.com.ar\/wp-content\/uploads\/2026\/09\/photo_2026-09-03_18-42-17-300x200.jpg\" alt=\"\" width=\"300\" height=\"200\" srcset=\"https:\/\/hablemosclarotdf.com.ar\/wp-content\/uploads\/2026\/09\/photo_2026-09-03_18-42-17-300x200.jpg 300w, https:\/\/hablemosclarotdf.com.ar\/wp-content\/uploads\/2026\/09\/photo_2026-09-03_18-42-17-1024x682.jpg 1024w, https:\/\/hablemosclarotdf.com.ar\/wp-content\/uploads\/2026\/09\/photo_2026-09-03_18-42-17-768x512.jpg 768w, https:\/\/hablemosclarotdf.com.ar\/wp-content\/uploads\/2026\/09\/photo_2026-09-03_18-42-17.jpg 1280w\" sizes=\"auto, (max-width: 300px) 100vw, 300px\" \/><\/p>\n","protected":false},"excerpt":{"rendered":"<p>La Banda Municipal de Ushuaia llev\u00f3 adelante una nueva edici\u00f3n de \u201cLatitud 54: Punto de&#8230;<\/p>\n","protected":false},"author":1,"featured_media":83237,"comment_status":"closed","ping_status":"closed","sticky":false,"template":"","format":"standard","meta":{"footnotes":""},"categories":[3],"tags":[],"class_list":["post-83236","post","type-post","status-publish","format-standard","has-post-thumbnail","hentry","category-noticias"],"jetpack_featured_media_url":"https:\/\/hablemosclarotdf.com.ar\/wp-content\/uploads\/2026\/09\/photo_2026-09-03_18-42-05.jpg","_links":{"self":[{"href":"https:\/\/hablemosclarotdf.com.ar\/index.php?rest_route=\/wp\/v2\/posts\/83236","targetHints":{"allow":["GET"]}}],"collection":[{"href":"https:\/\/hablemosclarotdf.com.ar\/index.php?rest_route=\/wp\/v2\/posts"}],"about":[{"href":"https:\/\/hablemosclarotdf.com.ar\/index.php?rest_route=\/wp\/v2\/types\/post"}],"author":[{"embeddable":true,"href":"https:\/\/hablemosclarotdf.com.ar\/index.php?rest_route=\/wp\/v2\/users\/1"}],"replies":[{"embeddable":true,"href":"https:\/\/hablemosclarotdf.com.ar\/index.php?rest_route=%2Fwp%2Fv2%2Fcomments&post=83236"}],"version-history":[{"count":1,"href":"https:\/\/hablemosclarotdf.com.ar\/index.php?rest_route=\/wp\/v2\/posts\/83236\/revisions"}],"predecessor-version":[{"id":83240,"href":"https:\/\/hablemosclarotdf.com.ar\/index.php?rest_route=\/wp\/v2\/posts\/83236\/revisions\/83240"}],"wp:featuredmedia":[{"embeddable":true,"href":"https:\/\/hablemosclarotdf.com.ar\/index.php?rest_route=\/wp\/v2\/media\/83237"}],"wp:attachment":[{"href":"https:\/\/hablemosclarotdf.com.ar\/index.php?rest_route=%2Fwp%2Fv2%2Fmedia&parent=83236"}],"wp:term":[{"taxonomy":"category","embeddable":true,"href":"https:\/\/hablemosclarotdf.com.ar\/index.php?rest_route=%2Fwp%2Fv2%2Fcategories&post=83236"},{"taxonomy":"post_tag","embeddable":true,"href":"https:\/\/hablemosclarotdf.com.ar\/index.php?rest_route=%2Fwp%2Fv2%2Ftags&post=83236"}],"curies":[{"name":"wp","href":"https:\/\/api.w.org\/{rel}","templated":true}]}}