{"id":83233,"date":"2026-09-03T18:39:53","date_gmt":"2026-09-03T21:39:53","guid":{"rendered":"https:\/\/hablemosclarotdf.com.ar\/?p=83233"},"modified":"2026-09-03T18:39:53","modified_gmt":"2026-09-03T21:39:53","slug":"ushuaia-la-administracion-responsable-de-los-recursos-facilito-el-acuerdo-salarial-en-el-municipio","status":"publish","type":"post","link":"https:\/\/hablemosclarotdf.com.ar\/?p=83233","title":{"rendered":"USHUAIA : LA ADMINISTRACI\u00d3N RESPONSABLE DE LOS RECURSOS FACILIT\u00d3 EL ACUERDO SALARIAL EN EL MUNICIPIO"},"content":{"rendered":"<p>Funcionarios de la Municipalidad de Ushuaia destacaron que la administraci\u00f3n responsable de los recursos permiti\u00f3 otorgar aumentos salariales como el acordado d\u00edas atr\u00e1s con los gremios municipales, adem\u00e1s de atender problem\u00e1ticas sociales, garantizar la prestaci\u00f3n de servicios y continuar con la obra p\u00fablica.<\/p>\n<p>En declaraciones radiales, la jefa de Gabinete, Y\u00e9sica Garay, sostuvo que se trata de \u201cuno de los aumentos m\u00e1s importantes a nivel provincial\u201d y que \u201cestamos por encima\u201d de la inflaci\u00f3n de la Patagonia. Tras valorar que el acuerdo fue acompa\u00f1ado por los siete gremios municipales, hizo hincapi\u00e9 en que \u201ces posible acordar estos aumentos porque tenemos las cuentas ordenadas\u201d.<\/p>\n<p>Garay explic\u00f3 que, para alcanzar este resultado, se tomaron decisiones como redefinir \u201ctoda la infraestructura financiera\u201d del Municipio y \u201creconsiderar prioridades\u201d para eficientizar el gasto. Adem\u00e1s, se\u00f1al\u00f3 que, ante la fuerte ca\u00edda de la recaudaci\u00f3n propia y de la coparticipaci\u00f3n nacional, \u201cla responsabilidad del intendente y su equipo es garantizar los salarios municipales, la prestaci\u00f3n de servicios, la asistencia social y la obra p\u00fablica\u201d.<\/p>\n<p>Por su parte, el secretario de Gobierno, Sebasti\u00e1n Iriarte, tambi\u00e9n resalt\u00f3 &#8220;la administraci\u00f3n responsable de los recursos municipales, que se encuentran gravemente afectados por una crisis econ\u00f3mica nacional que impacta de manera directa en Tierra del Fuego. Es destacable el di\u00e1logo y trabajo permanente con los sindicatos porque facilita la toma de decisiones sobre cosas que podemos cumplir, como el pago de un incremento salarial\u201d.<\/p>\n<p>Iriarte remarc\u00f3 que alcanzar el acuerdo salarial demand\u00f3 \u201cmucha responsabilidad, y frente a un contexto econ\u00f3mico adverso, es necesario revisar todo lo que ten\u00edamos planificado a fin de cuidar a los trabajadores y trabajadoras en su conjunto\u201d. En ese sentido, plante\u00f3 que &#8220;la discusi\u00f3n salarial debe darse de frente, con objetivos que puedan cumplirse y sin comprometer recursos destinados a otras obligaciones municipales&#8221;.<\/p>\n<p>De esta manera, desde el Municipio destacaron que el acuerdo alcanzado con los siete gremios es resultado de una pol\u00edtica de administraci\u00f3n responsable, basada en el di\u00e1logo y en la definici\u00f3n de prioridades, que permite sostener los salarios municipales al mismo tiempo que se garantiza la prestaci\u00f3n de servicios, la asistencia social y la continuidad de la obra p\u00fablica. La decisi\u00f3n apunta a evitar compromisos que luego no puedan sostenerse y a preservar el funcionamiento integral del Municipio en un escenario econ\u00f3mico adverso.<\/p>\n","protected":false},"excerpt":{"rendered":"<p>Funcionarios de la Municipalidad de Ushuaia destacaron que la administraci\u00f3n responsable de los recursos permiti\u00f3&#8230;<\/p>\n","protected":false},"author":1,"featured_media":83234,"comment_status":"closed","ping_status":"closed","sticky":false,"template":"","format":"standard","meta":{"footnotes":""},"categories":[3],"tags":[],"class_list":["post-83233","post","type-post","status-publish","format-standard","has-post-thumbnail","hentry","category-noticias"],"jetpack_featured_media_url":"https:\/\/hablemosclarotdf.com.ar\/wp-content\/uploads\/2026\/09\/photo_2026-09-03_18-39-31.jpg","_links":{"self":[{"href":"https:\/\/hablemosclarotdf.com.ar\/index.php?rest_route=\/wp\/v2\/posts\/83233","targetHints":{"allow":["GET"]}}],"collection":[{"href":"https:\/\/hablemosclarotdf.com.ar\/index.php?rest_route=\/wp\/v2\/posts"}],"about":[{"href":"https:\/\/hablemosclarotdf.com.ar\/index.php?rest_route=\/wp\/v2\/types\/post"}],"author":[{"embeddable":true,"href":"https:\/\/hablemosclarotdf.com.ar\/index.php?rest_route=\/wp\/v2\/users\/1"}],"replies":[{"embeddable":true,"href":"https:\/\/hablemosclarotdf.com.ar\/index.php?rest_route=%2Fwp%2Fv2%2Fcomments&post=83233"}],"version-history":[{"count":1,"href":"https:\/\/hablemosclarotdf.com.ar\/index.php?rest_route=\/wp\/v2\/posts\/83233\/revisions"}],"predecessor-version":[{"id":83235,"href":"https:\/\/hablemosclarotdf.com.ar\/index.php?rest_route=\/wp\/v2\/posts\/83233\/revisions\/83235"}],"wp:featuredmedia":[{"embeddable":true,"href":"https:\/\/hablemosclarotdf.com.ar\/index.php?rest_route=\/wp\/v2\/media\/83234"}],"wp:attachment":[{"href":"https:\/\/hablemosclarotdf.com.ar\/index.php?rest_route=%2Fwp%2Fv2%2Fmedia&parent=83233"}],"wp:term":[{"taxonomy":"category","embeddable":true,"href":"https:\/\/hablemosclarotdf.com.ar\/index.php?rest_route=%2Fwp%2Fv2%2Fcategories&post=83233"},{"taxonomy":"post_tag","embeddable":true,"href":"https:\/\/hablemosclarotdf.com.ar\/index.php?rest_route=%2Fwp%2Fv2%2Ftags&post=83233"}],"curies":[{"name":"wp","href":"https:\/\/api.w.org\/{rel}","templated":true}]}}