{"id":83230,"date":"2026-09-03T16:15:44","date_gmt":"2026-09-03T19:15:44","guid":{"rendered":"https:\/\/hablemosclarotdf.com.ar\/?p=83230"},"modified":"2026-09-03T16:15:44","modified_gmt":"2026-09-03T19:15:44","slug":"ushuaia-mujeres-que-crecen-una-semana-de-capacitacion-para-fortalecer-emprendimientos","status":"publish","type":"post","link":"https:\/\/hablemosclarotdf.com.ar\/?p=83230","title":{"rendered":"USHUAIA : \u201cMUJERES QUE CRECEN\u201d: UNA SEMANA DE CAPACITACI\u00d3N PARA FORTALECER EMPRENDIMIENTOS"},"content":{"rendered":"<p>La Municipalidad de Ushuaia, a trav\u00e9s de la Secretar\u00eda de la Mujer y Desarrollo Humano, llevar\u00e1 adelante una nueva instancia de capacitaci\u00f3n destinada a emprendedoras de la ciudad, con una propuesta intensiva orientada a brindar herramientas para fortalecer sus proyectos y potenciar el desarrollo de sus emprendimientos.<\/p>\n<p>El ciclo \u201cMujeres que Crecen\u201d se desarrollar\u00e1 del lunes 14 al viernes 18 de septiembre, de 18 a 20 horas, en el SUM de la Casa de la Mujer, ubicado en Maip\u00fa 1120.<\/p>\n<p>Durante cinco encuentros consecutivos, las participantes podr\u00e1n incorporar herramientas vinculadas al bienestar personal, la formalizaci\u00f3n, la administraci\u00f3n de costos, la presentaci\u00f3n de productos y las estrategias de venta y atenci\u00f3n al p\u00fablico.<\/p>\n<p>El cronograma contempla las siguientes propuestas: el lunes 14, \u201cMente Sana, Negocio Fuerte\u201d; el martes 15, \u201cMonotributo y Facturaci\u00f3n\u201d; el mi\u00e9rcoles 16, \u201cPeque\u00f1os Costos\u201d; el jueves 17, \u201cFoto Producto y Armado de Stand\u201d; y el viernes 18, \u201cVentas y Atenci\u00f3n al P\u00fablico\u201d.<\/p>\n<p>Desde la Secretar\u00eda de la Mujer y Desarrollo Humano destacaron la importancia de continuar generando espacios de formaci\u00f3n y acompa\u00f1amiento que permitan fortalecer los emprendimientos locales, brindar nuevas herramientas y contribuir a la autonom\u00eda econ\u00f3mica de las mujeres.<\/p>\n<p>Para consultas e informaci\u00f3n, las interesadas pueden comunicarse al 2901-605905.<\/p>\n","protected":false},"excerpt":{"rendered":"<p>La Municipalidad de Ushuaia, a trav\u00e9s de la Secretar\u00eda de la Mujer y Desarrollo Humano,&#8230;<\/p>\n","protected":false},"author":1,"featured_media":83231,"comment_status":"closed","ping_status":"closed","sticky":false,"template":"","format":"standard","meta":{"footnotes":""},"categories":[3],"tags":[],"class_list":["post-83230","post","type-post","status-publish","format-standard","has-post-thumbnail","hentry","category-noticias"],"jetpack_featured_media_url":"https:\/\/hablemosclarotdf.com.ar\/wp-content\/uploads\/2026\/09\/photo_2026-09-03_16-14-49.jpg","_links":{"self":[{"href":"https:\/\/hablemosclarotdf.com.ar\/index.php?rest_route=\/wp\/v2\/posts\/83230","targetHints":{"allow":["GET"]}}],"collection":[{"href":"https:\/\/hablemosclarotdf.com.ar\/index.php?rest_route=\/wp\/v2\/posts"}],"about":[{"href":"https:\/\/hablemosclarotdf.com.ar\/index.php?rest_route=\/wp\/v2\/types\/post"}],"author":[{"embeddable":true,"href":"https:\/\/hablemosclarotdf.com.ar\/index.php?rest_route=\/wp\/v2\/users\/1"}],"replies":[{"embeddable":true,"href":"https:\/\/hablemosclarotdf.com.ar\/index.php?rest_route=%2Fwp%2Fv2%2Fcomments&post=83230"}],"version-history":[{"count":1,"href":"https:\/\/hablemosclarotdf.com.ar\/index.php?rest_route=\/wp\/v2\/posts\/83230\/revisions"}],"predecessor-version":[{"id":83232,"href":"https:\/\/hablemosclarotdf.com.ar\/index.php?rest_route=\/wp\/v2\/posts\/83230\/revisions\/83232"}],"wp:featuredmedia":[{"embeddable":true,"href":"https:\/\/hablemosclarotdf.com.ar\/index.php?rest_route=\/wp\/v2\/media\/83231"}],"wp:attachment":[{"href":"https:\/\/hablemosclarotdf.com.ar\/index.php?rest_route=%2Fwp%2Fv2%2Fmedia&parent=83230"}],"wp:term":[{"taxonomy":"category","embeddable":true,"href":"https:\/\/hablemosclarotdf.com.ar\/index.php?rest_route=%2Fwp%2Fv2%2Fcategories&post=83230"},{"taxonomy":"post_tag","embeddable":true,"href":"https:\/\/hablemosclarotdf.com.ar\/index.php?rest_route=%2Fwp%2Fv2%2Ftags&post=83230"}],"curies":[{"name":"wp","href":"https:\/\/api.w.org\/{rel}","templated":true}]}}