{"id":83227,"date":"2026-09-03T16:11:27","date_gmt":"2026-09-03T19:11:27","guid":{"rendered":"https:\/\/hablemosclarotdf.com.ar\/?p=83227"},"modified":"2026-09-03T16:11:27","modified_gmt":"2026-09-03T19:11:27","slug":"ate-anac-pospone-el-paro-y-los-vuelos-seran-normales","status":"publish","type":"post","link":"https:\/\/hablemosclarotdf.com.ar\/?p=83227","title":{"rendered":"ATE\/ANAC pospone el paro y los vuelos ser\u00e1n normales &#8211;"},"content":{"rendered":"<h2 class=\"article-deck\">La medida se levant\u00f3 para permitir una nueva reuni\u00f3n con el Gobierno a los fines de solucionar el tema de los reclamos.<\/h2>\n<p><strong>Buenos Aires, 3 septiembre (NA)-<\/strong>\u00a0La\u00a0<strong>Asociaci\u00f3n de Trabajadores del Estado (ATE) en la Administraci\u00f3n Nacional de Aviaci\u00f3n Civil (ANAC)<\/strong>, resolvi\u00f3 posponer moment\u00e1neamente el inicio de las medidas gremiales previstas para hoy a las 9:00, seg\u00fan inform\u00f3 a la\u00a0<strong>Agencia Noticias Argentinas<\/strong>,\u00a0<strong>Marcelo Belelli<\/strong>, coordinador nacional del gremio.<\/p>\n<p>Belelli indic\u00f3 que,\u00a0<i>\u201ctras una reuni\u00f3n con el equipo jur\u00eddico de ATE Nacional y los coordinadores de la Mesa Nacional de todo el pa\u00eds, se decidi\u00f3 posponer las medidas de fuerza\u201d\u00a0<\/i>y subray\u00f3 que,\u00a0<i>\u201cse ha pospuesto esta situaci\u00f3n producto de que hemos definido de forma urgente exigirle al Ministerio de Trabajo la convocatoria a una audiencia para definir las secciones de esencialidad que el Gobierno Nacional plantea&#8221;.<\/i><\/p>\n<p>Seg\u00fan detall\u00f3 el coordinador, el sindicato aplic\u00f3 las medidas de fuerza ajust\u00e1ndose estrictamente a la ley, con los cinco d\u00edas h\u00e1biles de antelaci\u00f3n y afectando solamente el 25% de la jornada, equivalente a seis horas. De este modo, garantizan el cumplimiento de la esencialidad dictada por la reforma laboral, reafirmando que se encuentran\u00a0<i><strong>&#8220;plenamente a derecho&#8221;.<\/strong><\/i><\/p>\n<p><i>&#8220;Somos responsables de exigir una audiencia y de posponer, como un gesto de buena voluntad al Gobierno Nacional, el inicio de las medidas de las 9 de la ma\u00f1ana, para poder fijar aquellas cuestiones de esencialidad que el Gobierno cree que deben ser configuradas&#8221;<\/i>, se\u00f1al\u00f3.<\/p>\n<p>Asimismo, Belelli confirm\u00f3 que el gremio seguir\u00e1 el minuto a minuto de la convocatoria, planificando asambleas para la jornada del viernes y movilizaciones en las instalaciones de los aeropuertos, manteni\u00e9ndose en espera de una resoluci\u00f3n formal.<\/p>\n<p><i>&#8220;Queremos ser claros: garantizamos que el 75% de los d\u00edas los servicios est\u00e9n funcionando y afectar solamente el 25%&#8221;.<\/i>\u00a0El dirigente concluy\u00f3 advirtiendo que el Ejecutivo sostiene una interpretaci\u00f3n con una fuerte inconsistencia jur\u00eddica y t\u00e9cnica para cuestionar la implementaci\u00f3n de las protestas.<\/p>\n<p>Ante esto, los abogados de ATE Nacional efectuaron una presentaci\u00f3n oficial; si el Ministerio de Trabajo omite la convocatoria a la audiencia para definir la esencialidad, el sindicato reactivar\u00e1 de forma inmediata la totalidad de las medidas de fuerza.<\/p>\n<p>Agencia NA.<\/p>\n","protected":false},"excerpt":{"rendered":"<p>La medida se levant\u00f3 para permitir una nueva reuni\u00f3n con el Gobierno a los fines&#8230;<\/p>\n","protected":false},"author":1,"featured_media":83228,"comment_status":"closed","ping_status":"closed","sticky":false,"template":"","format":"standard","meta":{"footnotes":""},"categories":[3],"tags":[],"class_list":["post-83227","post","type-post","status-publish","format-standard","has-post-thumbnail","hentry","category-noticias"],"jetpack_featured_media_url":"https:\/\/hablemosclarotdf.com.ar\/wp-content\/uploads\/2026\/09\/720.webp","_links":{"self":[{"href":"https:\/\/hablemosclarotdf.com.ar\/index.php?rest_route=\/wp\/v2\/posts\/83227","targetHints":{"allow":["GET"]}}],"collection":[{"href":"https:\/\/hablemosclarotdf.com.ar\/index.php?rest_route=\/wp\/v2\/posts"}],"about":[{"href":"https:\/\/hablemosclarotdf.com.ar\/index.php?rest_route=\/wp\/v2\/types\/post"}],"author":[{"embeddable":true,"href":"https:\/\/hablemosclarotdf.com.ar\/index.php?rest_route=\/wp\/v2\/users\/1"}],"replies":[{"embeddable":true,"href":"https:\/\/hablemosclarotdf.com.ar\/index.php?rest_route=%2Fwp%2Fv2%2Fcomments&post=83227"}],"version-history":[{"count":1,"href":"https:\/\/hablemosclarotdf.com.ar\/index.php?rest_route=\/wp\/v2\/posts\/83227\/revisions"}],"predecessor-version":[{"id":83229,"href":"https:\/\/hablemosclarotdf.com.ar\/index.php?rest_route=\/wp\/v2\/posts\/83227\/revisions\/83229"}],"wp:featuredmedia":[{"embeddable":true,"href":"https:\/\/hablemosclarotdf.com.ar\/index.php?rest_route=\/wp\/v2\/media\/83228"}],"wp:attachment":[{"href":"https:\/\/hablemosclarotdf.com.ar\/index.php?rest_route=%2Fwp%2Fv2%2Fmedia&parent=83227"}],"wp:term":[{"taxonomy":"category","embeddable":true,"href":"https:\/\/hablemosclarotdf.com.ar\/index.php?rest_route=%2Fwp%2Fv2%2Fcategories&post=83227"},{"taxonomy":"post_tag","embeddable":true,"href":"https:\/\/hablemosclarotdf.com.ar\/index.php?rest_route=%2Fwp%2Fv2%2Ftags&post=83227"}],"curies":[{"name":"wp","href":"https:\/\/api.w.org\/{rel}","templated":true}]}}