{"id":83224,"date":"2026-09-03T16:00:30","date_gmt":"2026-09-03T19:00:30","guid":{"rendered":"https:\/\/hablemosclarotdf.com.ar\/?p=83224"},"modified":"2026-09-03T16:00:30","modified_gmt":"2026-09-03T19:00:30","slug":"en-chile-milei-reivindico-el-derrocamiento-de-allende-critico-a-pedro-sanchez-y-a-macri","status":"publish","type":"post","link":"https:\/\/hablemosclarotdf.com.ar\/?p=83224","title":{"rendered":"En Chile, Milei reivindic\u00f3 el derrocamiento de Allende, critic\u00f3 a Pedro S\u00e1nchez y a Macri"},"content":{"rendered":"<h1 class=\"article-title\">En Chile, Milei reivindic\u00f3 el derrocamiento de Allende, critic\u00f3 a Pedro S\u00e1nchez y a Macri<\/h1>\n<div class=\"article-body\" data-tadevel-template=\"web\/article-body\">\n<div class=\"article-body-content\">\n<p>Buenos Aires, 3 septiembre (NA) &#8212; El presidente\u00a0<strong>Javier Milei<\/strong>\u00a0volvi\u00f3 a cargar contra su par de Espa\u00f1a,\u00a0<strong>Pedro S\u00e1nchez<\/strong>, acus\u00f3 a\u00a0<strong>Mauricio Macri de &#8220;dejarse correr&#8221;<\/strong>\u00a0durante su presidencia y reivindic\u00f3 el derrocamiento de Salvador Allende en Chile. Lo hizo durante su participaci\u00f3n en el Foro de Madrid, que se celebra este jueves en el pa\u00eds vecino.<\/p>\n<p>Durante el evento organizado por el partido Vox, el libertario cuestion\u00f3 al presidente de Espa\u00f1a al que referenci\u00f3 como &#8220;Pedrito&#8221; y sostuvo que &#8220;est\u00e1 m\u00e1s sucio que una papa&#8221;. Adem\u00e1s, lo acus\u00f3 de facilitar la inmigraci\u00f3n &#8220;descontrolada&#8221; y de &#8220;degenerar&#8221; la identidad espa\u00f1ola por el otro.<\/p>\n<p>&#8220;Lamentablemente Europa, la cuna de nuestra civilizaci\u00f3n, est\u00e1 siendo gobernada en el plano nacional y supranacional por bur\u00f3cratas empecinados en destruir todo lo que somos&#8221;, insisti\u00f3, y complet\u00f3: &#8220;Est\u00e1 m\u00e1s sucio que una papa, y bien que se ofendi\u00f3 cuando \u00e9l y toda la gentuza que lo rodea, cuando le dije que\u00a0<strong>era un gobierno de ladrones y parece que los hechos lo confirman&#8221;.\u00a0<\/strong><\/p>\n<p>Asimismo, el mandatario defendi\u00f3 el programa econ\u00f3mico y plante\u00f3 que no sucumbir\u00e1 &#8220;a la presi\u00f3n pol\u00edtica&#8221;. Adem\u00e1s, sostuvo que el expresidente\u00a0<strong>Mauricio Macri &#8220;se dej\u00f3 correr por los que le tiraron 14 toneladas de piedra&#8221;.\u00a0<\/strong><\/p>\n<p>\u201cEstas estrategias que yo les cuento, la realidad es que no son nuevas.\u00a0<strong>Esto mismo hicieron con el gobierno de Mauricio Macri en 2017, cuando ten\u00eda la econom\u00eda creciendo y la pobreza en su pico m\u00e1s bajo en d\u00e9cadas<\/strong>. Y aun as\u00ed lograron instalar el caos en la calle hasta hacerlo perder el rumbo\u201d, plante\u00f3.<\/p>\n<p>En la misma l\u00ednea, ampli\u00f3: \u201c<strong>El gobierno del Cambiemos sucumbi\u00f3 a la presi\u00f3n de la pol\u00edtica<\/strong>, tanto de la oposici\u00f3n como el extremo centro. Se dej\u00f3 correr por los que\u00a0<strong>le tiraron catorce toneladas de piedra<\/strong>\u00a0y por los presuntos aliados que suger\u00edan poner el freno de mano\u201d.<\/p>\n<p>Por otra parte, lam\u00f3 a la derecha a organizarse y propuso impulsar<strong>\u00a0una &#8220;alianza internacional de las ideas de la libertad&#8221;<\/strong>, durante su exposici\u00f3n en el Foro de Madrid, que se celebra en Santiago de Chile.<\/p>\n<p>&#8220;No podemos permanecer separados. Podemos ignorar el problema, pero el problema no nos va a ignorar.\u00a0<strong>Tenemos que dejar de lado las diferencias y concentrarnos en lo que nos une<\/strong>&#8220;, sostuvo durante el evento.<\/p>\n<p>En otro pasaje de la alocuci\u00f3n, el Presidente destac\u00f3 el &#8220;cambio&#8221; de rumbo en la regi\u00f3n, calific\u00f3 de &#8220;zurdos mugrosos&#8221; a la oposici\u00f3n, y plante\u00f3 que inici\u00f3 en 2021, en la Argentina.<strong>\u00a0&#8220;No les tenemos miedo, estamos dispuestos a salvar nuestra civilizaci\u00f3n&#8221;,<\/strong>\u00a0sentenci\u00f3.<\/p>\n<p>&#8220;Hoy, el continente entero se est\u00e1 orientando hacia los valores que hicieron grande a occidente, incluso luego de d\u00e9cadas de adoctrinamiento socialista.\u00a0<strong>Poco a poco, les hemos demostrado que no les tenemos miedo y que estamos dispuestos a salvar nuestra civilizaci\u00f3n y nuestro modo de vida<\/strong>&#8220;, asever\u00f3 el libertario.<\/p>\n<p>Por \u00faltimo, reivindic\u00f3 el derrocamiento del expresidente<strong>\u00a0Salvador Allende<\/strong>\u00a0y cuestion\u00f3 a la derecha en el pa\u00eds vecino.<\/p>\n<p>&#8220;Chile es un lugar emblem\u00e1tico porque con su historia reciente nos recuerda el valor inmenso de dar la batalla cultural,<strong>\u00a0tras el derrocamiento del comunista Allende.\u00a0<\/strong>Entr\u00f3 en un per\u00edodo de estabilidad y crecimiento que se extendi\u00f3 por m\u00e1s de 40 a\u00f1os y fue sin lugar a dudas la envidia en t\u00e9rminos econ\u00f3micos de toda la regi\u00f3n&#8221;, concluy\u00f3.<\/p>\n<\/div>\n<\/div>\n","protected":false},"excerpt":{"rendered":"<p>En Chile, Milei reivindic\u00f3 el derrocamiento de Allende, critic\u00f3 a Pedro S\u00e1nchez y a Macri&#8230;<\/p>\n","protected":false},"author":1,"featured_media":83225,"comment_status":"closed","ping_status":"closed","sticky":false,"template":"","format":"standard","meta":{"footnotes":""},"categories":[3],"tags":[],"class_list":["post-83224","post","type-post","status-publish","format-standard","has-post-thumbnail","hentry","category-noticias"],"jetpack_featured_media_url":"https:\/\/hablemosclarotdf.com.ar\/wp-content\/uploads\/2026\/09\/540.avif","_links":{"self":[{"href":"https:\/\/hablemosclarotdf.com.ar\/index.php?rest_route=\/wp\/v2\/posts\/83224","targetHints":{"allow":["GET"]}}],"collection":[{"href":"https:\/\/hablemosclarotdf.com.ar\/index.php?rest_route=\/wp\/v2\/posts"}],"about":[{"href":"https:\/\/hablemosclarotdf.com.ar\/index.php?rest_route=\/wp\/v2\/types\/post"}],"author":[{"embeddable":true,"href":"https:\/\/hablemosclarotdf.com.ar\/index.php?rest_route=\/wp\/v2\/users\/1"}],"replies":[{"embeddable":true,"href":"https:\/\/hablemosclarotdf.com.ar\/index.php?rest_route=%2Fwp%2Fv2%2Fcomments&post=83224"}],"version-history":[{"count":1,"href":"https:\/\/hablemosclarotdf.com.ar\/index.php?rest_route=\/wp\/v2\/posts\/83224\/revisions"}],"predecessor-version":[{"id":83226,"href":"https:\/\/hablemosclarotdf.com.ar\/index.php?rest_route=\/wp\/v2\/posts\/83224\/revisions\/83226"}],"wp:featuredmedia":[{"embeddable":true,"href":"https:\/\/hablemosclarotdf.com.ar\/index.php?rest_route=\/wp\/v2\/media\/83225"}],"wp:attachment":[{"href":"https:\/\/hablemosclarotdf.com.ar\/index.php?rest_route=%2Fwp%2Fv2%2Fmedia&parent=83224"}],"wp:term":[{"taxonomy":"category","embeddable":true,"href":"https:\/\/hablemosclarotdf.com.ar\/index.php?rest_route=%2Fwp%2Fv2%2Fcategories&post=83224"},{"taxonomy":"post_tag","embeddable":true,"href":"https:\/\/hablemosclarotdf.com.ar\/index.php?rest_route=%2Fwp%2Fv2%2Ftags&post=83224"}],"curies":[{"name":"wp","href":"https:\/\/api.w.org\/{rel}","templated":true}]}}