{"id":83221,"date":"2026-09-03T15:49:42","date_gmt":"2026-09-03T18:49:42","guid":{"rendered":"https:\/\/hablemosclarotdf.com.ar\/?p=83221"},"modified":"2026-09-03T15:49:42","modified_gmt":"2026-09-03T18:49:42","slug":"el-gobierno-inaugurara-la-muestra-mujeres-originarias-voz-ancestral-en-rio-grande","status":"publish","type":"post","link":"https:\/\/hablemosclarotdf.com.ar\/?p=83221","title":{"rendered":"EL GOBIERNO INAUGURAR\u00c1 LA MUESTRA \u201cMUJERES ORIGINARIAS: VOZ ANCESTRAL\u201d EN R\u00cdO GRANDE"},"content":{"rendered":"<p>El Gobierno de Tierra del Fuego, a trav\u00e9s del Museo Fueguino de Arte Nin\u00ed Bernardello, dependiente de la Agencia de Innovaci\u00f3n, en conjunto con la Subsecretar\u00eda de Pueblos Originarios y Diversidades Culturales, dependiente del Ministerio de Bienestar Ciudadano y Justicia, llevar\u00e1 adelante la inauguraci\u00f3n de la muestra \u201cMujeres Originarias: Voz Ancestral\u201d, una propuesta art\u00edstica y cultural que busca visibilizar y poner en valor las producciones, los saberes y las voces de mujeres ind\u00edgenas.<\/p>\n<p>La inauguraci\u00f3n ser\u00e1 el viernes 11 de septiembre, a las 17 horas, en el Museo Fueguino de Arte Nin\u00ed Bernardello, ubicado en Av. Belgrano 319 de R\u00edo Grande. La muestra, impulsada por la artista visual Sajael Chaile junto a mujeres artesanas, tejedoras y educadoras ancestrales, con el acompa\u00f1amiento de la direcci\u00f3n del Museo, podr\u00e1 visitarse hasta el s\u00e1bado 26 de septiembre inclusive.<\/p>\n<p>Como parte de la jornada inaugural, a partir de las 16 horas se realizar\u00e1 un conversatorio abierto a la comunidad con las autoras de la muestra. La propuesta busca generar un espacio colectivo que permitir\u00e1 compartir experiencias, recorridos, reflexiones en torno a las producciones, las identidades, la memoria y los saberes ancestrales.<\/p>\n<p>La actividad se desarrolla en el marco del Mes de la Mujer Ind\u00edgena y de la conmemoraci\u00f3n, cada 5 de septiembre, del D\u00eda Internacional de la Mujer Ind\u00edgena, establecido en homenaje a Bartolina Sisa.<\/p>\n<p>En este marco, \u201cMujeres Originarias: Voz Ancestral\u201d propone recuperar y poner en di\u00e1logo distintas expresiones y saberes, reconoci\u00e9ndolos como formas vivas de construcci\u00f3n de memoria, identidad y transmisi\u00f3n cultural.<\/p>\n<p>La iniciativa tiene como objetivo visibilizar y poner un espacio donde las mujeres indigenas puedan compartir sus voces, sus conocimientos con la comunidad.<\/p>\n<p>De esta manera, durante septiembre, el Museo Fueguino de Arte Nin\u00ed Bernardello ser\u00e1 escenario de un espacio de encuentro con la cester\u00eda, el arte, los tejidos, el dise\u00f1o de indumentaria, la cultura y las identidades, invitando a la comunidad a acercarse, conocer las producciones y participar de una instancia de di\u00e1logo en torno a la memoria, los saberes ancestrales y las identidades.<\/p>\n","protected":false},"excerpt":{"rendered":"<p>El Gobierno de Tierra del Fuego, a trav\u00e9s del Museo Fueguino de Arte Nin\u00ed Bernardello,&#8230;<\/p>\n","protected":false},"author":1,"featured_media":83222,"comment_status":"closed","ping_status":"closed","sticky":false,"template":"","format":"standard","meta":{"footnotes":""},"categories":[3],"tags":[],"class_list":["post-83221","post","type-post","status-publish","format-standard","has-post-thumbnail","hentry","category-noticias"],"jetpack_featured_media_url":"https:\/\/hablemosclarotdf.com.ar\/wp-content\/uploads\/2026\/09\/photo_2026-09-03_15-49-21.jpg","_links":{"self":[{"href":"https:\/\/hablemosclarotdf.com.ar\/index.php?rest_route=\/wp\/v2\/posts\/83221","targetHints":{"allow":["GET"]}}],"collection":[{"href":"https:\/\/hablemosclarotdf.com.ar\/index.php?rest_route=\/wp\/v2\/posts"}],"about":[{"href":"https:\/\/hablemosclarotdf.com.ar\/index.php?rest_route=\/wp\/v2\/types\/post"}],"author":[{"embeddable":true,"href":"https:\/\/hablemosclarotdf.com.ar\/index.php?rest_route=\/wp\/v2\/users\/1"}],"replies":[{"embeddable":true,"href":"https:\/\/hablemosclarotdf.com.ar\/index.php?rest_route=%2Fwp%2Fv2%2Fcomments&post=83221"}],"version-history":[{"count":1,"href":"https:\/\/hablemosclarotdf.com.ar\/index.php?rest_route=\/wp\/v2\/posts\/83221\/revisions"}],"predecessor-version":[{"id":83223,"href":"https:\/\/hablemosclarotdf.com.ar\/index.php?rest_route=\/wp\/v2\/posts\/83221\/revisions\/83223"}],"wp:featuredmedia":[{"embeddable":true,"href":"https:\/\/hablemosclarotdf.com.ar\/index.php?rest_route=\/wp\/v2\/media\/83222"}],"wp:attachment":[{"href":"https:\/\/hablemosclarotdf.com.ar\/index.php?rest_route=%2Fwp%2Fv2%2Fmedia&parent=83221"}],"wp:term":[{"taxonomy":"category","embeddable":true,"href":"https:\/\/hablemosclarotdf.com.ar\/index.php?rest_route=%2Fwp%2Fv2%2Fcategories&post=83221"},{"taxonomy":"post_tag","embeddable":true,"href":"https:\/\/hablemosclarotdf.com.ar\/index.php?rest_route=%2Fwp%2Fv2%2Ftags&post=83221"}],"curies":[{"name":"wp","href":"https:\/\/api.w.org\/{rel}","templated":true}]}}