{"id":83217,"date":"2026-09-03T15:48:03","date_gmt":"2026-09-03T18:48:03","guid":{"rendered":"https:\/\/hablemosclarotdf.com.ar\/?p=83217"},"modified":"2026-09-03T15:48:03","modified_gmt":"2026-09-03T18:48:03","slug":"rio-grande-comienzan-los-festejos-rumbo-a-los-25-anos-del-centro-cultural-alem","status":"publish","type":"post","link":"https:\/\/hablemosclarotdf.com.ar\/?p=83217","title":{"rendered":"RIO GRANDE : COMIENZAN LOS FESTEJOS RUMBO A LOS 25 A\u00d1OS DEL CENTRO CULTURAL ALEM"},"content":{"rendered":"<p><i>El Municipio de R\u00edo Grande dar\u00e1 inicio a una agenda especial en el marco del 25\u00b0 aniversario del Centro Cultural \u201cLeandro N. Alem\u201d. Del 4 al 21 se desarrollar\u00e1n distintas propuestas vinculadas a la m\u00fasica, las artes visuales y la creatividad, destinadas a celebrar junto a la comunidad la historia y trayectoria de este emblem\u00e1tico espacio cultural de la ciudad.<\/i><\/p>\n<p>Las actividades comenzar\u00e1n este viernes 4, a las 21 horas, con la apertura del mes aniversario y la presentaci\u00f3n de Los Corresponsales del Barrio, quienes brindar\u00e1n el recital \u201cQue se rompa, pero que no se doble\u201d.<\/p>\n<p>La agenda continuar\u00e1 el s\u00e1bado 5, desde las 15 horas, con la jornada art\u00edstica \u201cPreviando el cumple\u201d, una propuesta de collage y origami abierta a mayores de 16 a\u00f1os y artistas visuales. Durante el encuentro se realizar\u00e1n producciones inspiradas en los 25 a\u00f1os del Centro Cultural Alem, como parte de la construcci\u00f3n colectiva de esta celebraci\u00f3n.<\/p>\n<p>Asimismo, el pr\u00f3ximo s\u00e1bado 12, a las 15 horas, se llevar\u00e1 adelante el seminario intensivo de tarjeter\u00eda creativa \u201c25 a\u00f1os en una tarjeta\u201d, sumando una nueva propuesta a la agenda prevista durante el mes aniversario.<\/p>\n<p>De esta manera, el Municipio invita a vecinos y vecinas a ser parte de las distintas actividades que se desarrollar\u00e1n del 4 al 21, con talleres creativos, danza, teatro y m\u00fasica para todas las edades, en el camino hacia la celebraci\u00f3n de los 25 a\u00f1os del Centro Cultural Alem.<\/p>\n<p>A trav\u00e9s de estas propuestas, el Municipio de R\u00edo Grande contin\u00faa poniendo en valor un espacio que, a lo largo de estos 25 a\u00f1os, se ha consolidado como un punto de encuentro para la cultura, la formaci\u00f3n y la expresi\u00f3n art\u00edstica de generaciones de riograndenses.<\/p>\n<p><img loading=\"lazy\" decoding=\"async\" class=\"alignnone size-medium wp-image-83219\" src=\"https:\/\/hablemosclarotdf.com.ar\/wp-content\/uploads\/2026\/09\/photo_2026-09-03_15-47-22-300x200.jpg\" alt=\"\" width=\"300\" height=\"200\" srcset=\"https:\/\/hablemosclarotdf.com.ar\/wp-content\/uploads\/2026\/09\/photo_2026-09-03_15-47-22-300x200.jpg 300w, https:\/\/hablemosclarotdf.com.ar\/wp-content\/uploads\/2026\/09\/photo_2026-09-03_15-47-22-1024x682.jpg 1024w, https:\/\/hablemosclarotdf.com.ar\/wp-content\/uploads\/2026\/09\/photo_2026-09-03_15-47-22-768x511.jpg 768w, https:\/\/hablemosclarotdf.com.ar\/wp-content\/uploads\/2026\/09\/photo_2026-09-03_15-47-22.jpg 1280w\" sizes=\"auto, (max-width: 300px) 100vw, 300px\" \/><\/p>\n","protected":false},"excerpt":{"rendered":"<p>El Municipio de R\u00edo Grande dar\u00e1 inicio a una agenda especial en el marco del&#8230;<\/p>\n","protected":false},"author":1,"featured_media":83218,"comment_status":"closed","ping_status":"closed","sticky":false,"template":"","format":"standard","meta":{"footnotes":""},"categories":[3],"tags":[],"class_list":["post-83217","post","type-post","status-publish","format-standard","has-post-thumbnail","hentry","category-noticias"],"jetpack_featured_media_url":"https:\/\/hablemosclarotdf.com.ar\/wp-content\/uploads\/2026\/09\/photo_2026-09-03_15-47-17.jpg","_links":{"self":[{"href":"https:\/\/hablemosclarotdf.com.ar\/index.php?rest_route=\/wp\/v2\/posts\/83217","targetHints":{"allow":["GET"]}}],"collection":[{"href":"https:\/\/hablemosclarotdf.com.ar\/index.php?rest_route=\/wp\/v2\/posts"}],"about":[{"href":"https:\/\/hablemosclarotdf.com.ar\/index.php?rest_route=\/wp\/v2\/types\/post"}],"author":[{"embeddable":true,"href":"https:\/\/hablemosclarotdf.com.ar\/index.php?rest_route=\/wp\/v2\/users\/1"}],"replies":[{"embeddable":true,"href":"https:\/\/hablemosclarotdf.com.ar\/index.php?rest_route=%2Fwp%2Fv2%2Fcomments&post=83217"}],"version-history":[{"count":1,"href":"https:\/\/hablemosclarotdf.com.ar\/index.php?rest_route=\/wp\/v2\/posts\/83217\/revisions"}],"predecessor-version":[{"id":83220,"href":"https:\/\/hablemosclarotdf.com.ar\/index.php?rest_route=\/wp\/v2\/posts\/83217\/revisions\/83220"}],"wp:featuredmedia":[{"embeddable":true,"href":"https:\/\/hablemosclarotdf.com.ar\/index.php?rest_route=\/wp\/v2\/media\/83218"}],"wp:attachment":[{"href":"https:\/\/hablemosclarotdf.com.ar\/index.php?rest_route=%2Fwp%2Fv2%2Fmedia&parent=83217"}],"wp:term":[{"taxonomy":"category","embeddable":true,"href":"https:\/\/hablemosclarotdf.com.ar\/index.php?rest_route=%2Fwp%2Fv2%2Fcategories&post=83217"},{"taxonomy":"post_tag","embeddable":true,"href":"https:\/\/hablemosclarotdf.com.ar\/index.php?rest_route=%2Fwp%2Fv2%2Ftags&post=83217"}],"curies":[{"name":"wp","href":"https:\/\/api.w.org\/{rel}","templated":true}]}}