{"id":83204,"date":"2026-09-03T11:34:40","date_gmt":"2026-09-03T14:34:40","guid":{"rendered":"https:\/\/hablemosclarotdf.com.ar\/?p=83204"},"modified":"2026-09-03T11:34:40","modified_gmt":"2026-09-03T14:34:40","slug":"gobierno-amplia-las-oportunidades-de-aprendizaje-para-estudiantes-de-inicial-y-primaria","status":"publish","type":"post","link":"https:\/\/hablemosclarotdf.com.ar\/?p=83204","title":{"rendered":"GOBIERNO AMPL\u00cdA LAS OPORTUNIDADES DE APRENDIZAJE PARA ESTUDIANTES DE INICIAL Y PRIMARIA"},"content":{"rendered":"<p>Las nuevas propuestas comenzar\u00e1n este s\u00e1bado 5 de septiembre y se extender\u00e1n hasta el 19 de diciembre. Est\u00e1n destinadas a estudiantes del Nivel Inicial y Primario y buscan fortalecer contenidos prioritarios y consolidar aprendizajes.\u00ad<\/p>\n<p>El Ministerio de Educaci\u00f3n de la provincia anunci\u00f3 la puesta en marcha de dos nuevos dispositivos que forman parte del Plan de Compensaci\u00f3n Pedag\u00f3gica \u201cAmpliaci\u00f3n del tiempo efectivo de ense\u00f1anza presencial\u201d. Las propuestas comenzar\u00e1n este s\u00e1bado 5 de septiembre y se desarrollar\u00e1n durante las jornadas de los s\u00e1bados hasta el 19 de diciembre.<\/p>\n<p>Los nuevos dispositivos se suman al Dispositivo de Avance en los Aprendizajes, que comenz\u00f3 el pasado 29 de agosto en las Escuelas N\u00b019 y N\u00b024, completando as\u00ed la implementaci\u00f3n de las tres propuestas contempladas dentro del plan.<\/p>\n<p>Uno de los nuevos dispositivos es \u201cDel Nivel Inicial al Primer Grado: Dispositivo de Intensificaci\u00f3n\u201d, una propuesta de car\u00e1cter optativo destinada a estudiantes de las salas de 5 a\u00f1os de nueve jardines de infantes de la provincia: N\u00b02, N\u00b04, N\u00b06, N\u00b07, N\u00b010, N\u00b012, N\u00b018, N\u00b026 y N\u00b027.<\/p>\n<p>El objetivo de esta iniciativa es intensificar la ense\u00f1anza de contenidos prioritarios vinculados con Alfabetizaci\u00f3n y Matem\u00e1tica, acompa\u00f1ando a los ni\u00f1os y ni\u00f1as en el proceso de transici\u00f3n del Nivel Inicial al Primer Grado de la escuela primaria.<\/p>\n<p>En tanto, el segundo dispositivo, denominado \u201cDispositivo de Consolidaci\u00f3n de Aprendizajes de Ciclo\u201d, ser\u00e1 de car\u00e1cter no obligatorio y estar\u00e1 destinado a estudiantes de 1\u00b0, 3\u00b0 y 6\u00b0 a\u00f1o de ocho escuelas primarias de la provincia.<\/p>\n<p>Las instituciones que participar\u00e1n son las Escuelas N\u00b031 \u201cJuana Manso\u201d, N\u00b034 \u201cYAK-Haruin\u201d, N\u00b047 \u201cSubmarinista Eliana Krawczyk\u201d, N\u00b08 \u201cGeneral Jos\u00e9 de San Mart\u00edn\u201d, N\u00b022 \u201cBah\u00eda Golondrina\u201d, N\u00b016 \u201cDr. Arturo Mateo Bas\u201d, N\u00b042 \u201cGabriela Mistral\u201d y N\u00b046 \u201cGeneral Mart\u00edn Miguel de G\u00fcemes\u201d.<\/p>\n<p>La propuesta apunta a consolidar los aprendizajes correspondientes al cierre de cada ciclo escolar, mediante instancias de ense\u00f1anza y acompa\u00f1amiento pedag\u00f3gico durante los s\u00e1bados.<\/p>\n<p>De esta manera, el Ministerio de Educaci\u00f3n completa la implementaci\u00f3n de los tres dispositivos que conforman el Plan de Compensaci\u00f3n Pedag\u00f3gica, ampliando su alcance a estudiantes del Nivel Inicial y del Nivel Primario y fortaleciendo las estrategias destinadas a recuperar, profundizar y consolidar aprendizajes en distintas localidades de la provincia.<\/p>\n<p><img loading=\"lazy\" decoding=\"async\" class=\"alignnone size-medium wp-image-83206\" src=\"https:\/\/hablemosclarotdf.com.ar\/wp-content\/uploads\/2026\/09\/photo_2026-09-03_11-33-59-300x200.jpg\" alt=\"\" width=\"300\" height=\"200\" srcset=\"https:\/\/hablemosclarotdf.com.ar\/wp-content\/uploads\/2026\/09\/photo_2026-09-03_11-33-59-300x200.jpg 300w, https:\/\/hablemosclarotdf.com.ar\/wp-content\/uploads\/2026\/09\/photo_2026-09-03_11-33-59-1024x682.jpg 1024w, https:\/\/hablemosclarotdf.com.ar\/wp-content\/uploads\/2026\/09\/photo_2026-09-03_11-33-59-768x512.jpg 768w, https:\/\/hablemosclarotdf.com.ar\/wp-content\/uploads\/2026\/09\/photo_2026-09-03_11-33-59.jpg 1280w\" sizes=\"auto, (max-width: 300px) 100vw, 300px\" \/><\/p>\n","protected":false},"excerpt":{"rendered":"<p>Las nuevas propuestas comenzar\u00e1n este s\u00e1bado 5 de septiembre y se extender\u00e1n hasta el 19&#8230;<\/p>\n","protected":false},"author":1,"featured_media":83205,"comment_status":"closed","ping_status":"closed","sticky":false,"template":"","format":"standard","meta":{"footnotes":""},"categories":[3],"tags":[],"class_list":["post-83204","post","type-post","status-publish","format-standard","has-post-thumbnail","hentry","category-noticias"],"jetpack_featured_media_url":"https:\/\/hablemosclarotdf.com.ar\/wp-content\/uploads\/2026\/09\/photo_2026-09-03_11-33-53.jpg","_links":{"self":[{"href":"https:\/\/hablemosclarotdf.com.ar\/index.php?rest_route=\/wp\/v2\/posts\/83204","targetHints":{"allow":["GET"]}}],"collection":[{"href":"https:\/\/hablemosclarotdf.com.ar\/index.php?rest_route=\/wp\/v2\/posts"}],"about":[{"href":"https:\/\/hablemosclarotdf.com.ar\/index.php?rest_route=\/wp\/v2\/types\/post"}],"author":[{"embeddable":true,"href":"https:\/\/hablemosclarotdf.com.ar\/index.php?rest_route=\/wp\/v2\/users\/1"}],"replies":[{"embeddable":true,"href":"https:\/\/hablemosclarotdf.com.ar\/index.php?rest_route=%2Fwp%2Fv2%2Fcomments&post=83204"}],"version-history":[{"count":1,"href":"https:\/\/hablemosclarotdf.com.ar\/index.php?rest_route=\/wp\/v2\/posts\/83204\/revisions"}],"predecessor-version":[{"id":83207,"href":"https:\/\/hablemosclarotdf.com.ar\/index.php?rest_route=\/wp\/v2\/posts\/83204\/revisions\/83207"}],"wp:featuredmedia":[{"embeddable":true,"href":"https:\/\/hablemosclarotdf.com.ar\/index.php?rest_route=\/wp\/v2\/media\/83205"}],"wp:attachment":[{"href":"https:\/\/hablemosclarotdf.com.ar\/index.php?rest_route=%2Fwp%2Fv2%2Fmedia&parent=83204"}],"wp:term":[{"taxonomy":"category","embeddable":true,"href":"https:\/\/hablemosclarotdf.com.ar\/index.php?rest_route=%2Fwp%2Fv2%2Fcategories&post=83204"},{"taxonomy":"post_tag","embeddable":true,"href":"https:\/\/hablemosclarotdf.com.ar\/index.php?rest_route=%2Fwp%2Fv2%2Ftags&post=83204"}],"curies":[{"name":"wp","href":"https:\/\/api.w.org\/{rel}","templated":true}]}}