{"id":83201,"date":"2026-09-03T11:22:21","date_gmt":"2026-09-03T14:22:21","guid":{"rendered":"https:\/\/hablemosclarotdf.com.ar\/?p=83201"},"modified":"2026-09-03T11:22:21","modified_gmt":"2026-09-03T14:22:21","slug":"con-amplia-convocatoria-concluyeron-las-jornadas-de-capacitacion-zona-especial-canal-beagle","status":"publish","type":"post","link":"https:\/\/hablemosclarotdf.com.ar\/?p=83201","title":{"rendered":"CON AMPLIA CONVOCATORIA CONCLUYERON LAS JORNADAS DE CAPACITACI\u00d3N ZONA ESPECIAL CANAL BEAGLE"},"content":{"rendered":"<p>Concluyeron con \u00e9xito las jornadas de capacitaci\u00f3n \u201cZona Especial Canal Beagle, una instancia formativa destinada a quienes buscan obtener las habilitaciones de Marinero de Zona Especial (ZE) y de Patr\u00f3n Motorista Profesional de Tercera. De un total de 150 personas inscriptas, 30 participantes fueron seleccionados para realizar la capacitaci\u00f3n.<\/p>\n<p>Este grupo se preparar\u00e1 para rendir los ex\u00e1menes correspondientes en octubre ante la Prefectura Naval Argentina, con el objetivo de obtener la habilitaci\u00f3n para navegar embarcaciones de menor porte y desarrollar actividades vinculadas con la pesca artesanal, el transporte de pasajeros y la navegaci\u00f3n en canales.<\/p>\n<p>La propuesta fue impulsada por el Ministerio de Producci\u00f3n y Ambiente de la provincia a trav\u00e9s del Centro de Formaci\u00f3n y Capacitaci\u00f3n en Actividades Mar\u00edtimas \u201cMalvinas Argentinas\u201d (CECAFMA), en conjunto con la Escuela de Formaci\u00f3n y Capacitaci\u00f3n para el Personal Embarcado de la Marina Mercante de Ushuaia (EFOCAPEMM), dependiente de la Prefectura Naval Argentina, y la C\u00e1mara de Pescadores del Canal Beagle.<\/p>\n<p>Al respecto, el ministro de Producci\u00f3n y Ambiente, Francisco Devita destac\u00f3 el inter\u00e9s de la comunidad por vincularse con las actividades mar\u00edtimas y pesqueras. \u201cDesde el CECAFMA se viene trabajando para desarrollar distintas propuestas ligadas a la pesca y la acuicultura y que van en consonancia con el objetivo de la Provincia de ampliar la matriz productiva\u201d, asever\u00f3.<\/p>\n<p>En ese sentido, adelant\u00f3 que en septiembre se abrir\u00e1 una nueva capacitaci\u00f3n destinada exclusivamente a mujeres. La misma estar\u00e1 enfocada en promover la participaci\u00f3n de mujeres en la acuicultura, mediante la formaci\u00f3n t\u00e9cnica, herramientas de gesti\u00f3n econ\u00f3mica y el desarrollo de emprendimientos locales.<\/p>\n","protected":false},"excerpt":{"rendered":"<p>Concluyeron con \u00e9xito las jornadas de capacitaci\u00f3n \u201cZona Especial Canal Beagle, una instancia formativa destinada&#8230;<\/p>\n","protected":false},"author":1,"featured_media":83202,"comment_status":"closed","ping_status":"closed","sticky":false,"template":"","format":"standard","meta":{"footnotes":""},"categories":[3],"tags":[],"class_list":["post-83201","post","type-post","status-publish","format-standard","has-post-thumbnail","hentry","category-noticias"],"jetpack_featured_media_url":"https:\/\/hablemosclarotdf.com.ar\/wp-content\/uploads\/2026\/09\/photo_2026-09-03_11-21-48.jpg","_links":{"self":[{"href":"https:\/\/hablemosclarotdf.com.ar\/index.php?rest_route=\/wp\/v2\/posts\/83201","targetHints":{"allow":["GET"]}}],"collection":[{"href":"https:\/\/hablemosclarotdf.com.ar\/index.php?rest_route=\/wp\/v2\/posts"}],"about":[{"href":"https:\/\/hablemosclarotdf.com.ar\/index.php?rest_route=\/wp\/v2\/types\/post"}],"author":[{"embeddable":true,"href":"https:\/\/hablemosclarotdf.com.ar\/index.php?rest_route=\/wp\/v2\/users\/1"}],"replies":[{"embeddable":true,"href":"https:\/\/hablemosclarotdf.com.ar\/index.php?rest_route=%2Fwp%2Fv2%2Fcomments&post=83201"}],"version-history":[{"count":1,"href":"https:\/\/hablemosclarotdf.com.ar\/index.php?rest_route=\/wp\/v2\/posts\/83201\/revisions"}],"predecessor-version":[{"id":83203,"href":"https:\/\/hablemosclarotdf.com.ar\/index.php?rest_route=\/wp\/v2\/posts\/83201\/revisions\/83203"}],"wp:featuredmedia":[{"embeddable":true,"href":"https:\/\/hablemosclarotdf.com.ar\/index.php?rest_route=\/wp\/v2\/media\/83202"}],"wp:attachment":[{"href":"https:\/\/hablemosclarotdf.com.ar\/index.php?rest_route=%2Fwp%2Fv2%2Fmedia&parent=83201"}],"wp:term":[{"taxonomy":"category","embeddable":true,"href":"https:\/\/hablemosclarotdf.com.ar\/index.php?rest_route=%2Fwp%2Fv2%2Fcategories&post=83201"},{"taxonomy":"post_tag","embeddable":true,"href":"https:\/\/hablemosclarotdf.com.ar\/index.php?rest_route=%2Fwp%2Fv2%2Ftags&post=83201"}],"curies":[{"name":"wp","href":"https:\/\/api.w.org\/{rel}","templated":true}]}}