{"id":83198,"date":"2026-09-03T11:20:22","date_gmt":"2026-09-03T14:20:22","guid":{"rendered":"https:\/\/hablemosclarotdf.com.ar\/?p=83198"},"modified":"2026-09-03T11:20:22","modified_gmt":"2026-09-03T14:20:22","slug":"el-ministerio-de-salud-y-osef-fortalecen-la-articulacion-del-sistema-publico-de-atencion","status":"publish","type":"post","link":"https:\/\/hablemosclarotdf.com.ar\/?p=83198","title":{"rendered":"EL MINISTERIO DE SALUD Y OSEF FORTALECEN LA ARTICULACI\u00d3N DEL SISTEMA P\u00daBLICO DE ATENCI\u00d3N"},"content":{"rendered":"<p>El nuevo convenio marco establece un esquema de financiamiento directo para los efectores p\u00fablicos y suma herramientas para agilizar el acceso de los afiliados a las prestaciones de salud en toda la provincia.<\/p>\n<p>En el marco de las acciones destinadas a fortalecer y optimizar la red de atenci\u00f3n p\u00fablica, la Obra Social del Estado Fueguino (OSEF) y el Ministerio de Salud de la provincia concretaron la firma de un nuevo convenio marco que permitir\u00e1 profundizar la articulaci\u00f3n entre ambas instituciones y mejorar la respuesta del sistema sanitario provincial.<\/p>\n<p>El acuerdo establece un esquema de financiamiento directo para los efectores p\u00fablicos, contemplando a los hospitales de Ushuaia, R\u00edo Grande y Tolhuin, y promueve adem\u00e1s un trabajo coordinado con los Centros de Atenci\u00f3n Primaria de la Salud (CAPS). De esta manera, se busca agilizar la gesti\u00f3n de prestaciones y coberturas, facilitando el acceso de los afiliados a los servicios de salud.<\/p>\n<p>El presidente de OSEF, Gustavo Garc\u00eda, destac\u00f3 la importancia de la firma junto a la ministra de Salud, Judit Di Giglio, y valor\u00f3 especialmente el impacto que tendr\u00e1 la medida tanto en el funcionamiento de los establecimientos sanitarios como en la atenci\u00f3n de los afiliados.<\/p>\n<p>\u201cEstamos muy contentos con la firma de este nuevo convenio alcanzado con el Ministerio de Salud. Entendemos que es de suma importancia porque no solamente va a permitir financiar a los efectores, tanto hospitales p\u00fablicos de Ushuaia, R\u00edo Grande y Tolhuin, sino que tambi\u00e9n le da una herramienta fundamental a los afiliados a la hora de atenderse\u201d, se\u00f1al\u00f3.<\/p>\n<p>En este sentido, Garc\u00eda remarc\u00f3 que el convenio representa un paso adelante en la consolidaci\u00f3n de un sistema de salud integrado, en el que la obra social y la red sanitaria p\u00fablica trabajan de manera articulada para brindar respuestas m\u00e1s eficientes a la comunidad.<\/p>\n<p>\u201cBuscamos consolidar la integraci\u00f3n entre la obra social y la red sanitaria p\u00fablica provincial, garantizando la sostenibilidad de los centros de salud y mejorando la calidad de respuesta para toda la comunidad fueguina\u201d, sostuvo.<\/p>\n<p>La implementaci\u00f3n de este nuevo esquema constituye as\u00ed una herramienta para fortalecer la capacidad de atenci\u00f3n de los efectores p\u00fablicos, mejorar los circuitos administrativos y favorecer un acceso m\u00e1s \u00e1gil a las prestaciones, con el objetivo de acompa\u00f1ar el crecimiento y las necesidades del sistema sanitario de Tierra del Fuego.<\/p>\n<p>La iniciativa reafirma adem\u00e1s la importancia del trabajo conjunto entre los distintos actores del sistema de salud provincial, priorizando la accesibilidad, la sostenibilidad y una atenci\u00f3n de mayor calidad para los fueguinos.<\/p>\n","protected":false},"excerpt":{"rendered":"<p>El nuevo convenio marco establece un esquema de financiamiento directo para los efectores p\u00fablicos y&#8230;<\/p>\n","protected":false},"author":1,"featured_media":83199,"comment_status":"closed","ping_status":"closed","sticky":false,"template":"","format":"standard","meta":{"footnotes":""},"categories":[3],"tags":[],"class_list":["post-83198","post","type-post","status-publish","format-standard","has-post-thumbnail","hentry","category-noticias"],"jetpack_featured_media_url":"https:\/\/hablemosclarotdf.com.ar\/wp-content\/uploads\/2026\/09\/photo_2026-09-03_11-19-34.jpg","_links":{"self":[{"href":"https:\/\/hablemosclarotdf.com.ar\/index.php?rest_route=\/wp\/v2\/posts\/83198","targetHints":{"allow":["GET"]}}],"collection":[{"href":"https:\/\/hablemosclarotdf.com.ar\/index.php?rest_route=\/wp\/v2\/posts"}],"about":[{"href":"https:\/\/hablemosclarotdf.com.ar\/index.php?rest_route=\/wp\/v2\/types\/post"}],"author":[{"embeddable":true,"href":"https:\/\/hablemosclarotdf.com.ar\/index.php?rest_route=\/wp\/v2\/users\/1"}],"replies":[{"embeddable":true,"href":"https:\/\/hablemosclarotdf.com.ar\/index.php?rest_route=%2Fwp%2Fv2%2Fcomments&post=83198"}],"version-history":[{"count":1,"href":"https:\/\/hablemosclarotdf.com.ar\/index.php?rest_route=\/wp\/v2\/posts\/83198\/revisions"}],"predecessor-version":[{"id":83200,"href":"https:\/\/hablemosclarotdf.com.ar\/index.php?rest_route=\/wp\/v2\/posts\/83198\/revisions\/83200"}],"wp:featuredmedia":[{"embeddable":true,"href":"https:\/\/hablemosclarotdf.com.ar\/index.php?rest_route=\/wp\/v2\/media\/83199"}],"wp:attachment":[{"href":"https:\/\/hablemosclarotdf.com.ar\/index.php?rest_route=%2Fwp%2Fv2%2Fmedia&parent=83198"}],"wp:term":[{"taxonomy":"category","embeddable":true,"href":"https:\/\/hablemosclarotdf.com.ar\/index.php?rest_route=%2Fwp%2Fv2%2Fcategories&post=83198"},{"taxonomy":"post_tag","embeddable":true,"href":"https:\/\/hablemosclarotdf.com.ar\/index.php?rest_route=%2Fwp%2Fv2%2Ftags&post=83198"}],"curies":[{"name":"wp","href":"https:\/\/api.w.org\/{rel}","templated":true}]}}