{"id":83194,"date":"2026-09-03T11:18:32","date_gmt":"2026-09-03T14:18:32","guid":{"rendered":"https:\/\/hablemosclarotdf.com.ar\/?p=83194"},"modified":"2026-09-03T11:18:32","modified_gmt":"2026-09-03T14:18:32","slug":"rio-grande-el-municipio-respaldo-la-presentacion-judicial-por-la-explotacion-petrolera-en-malvinas","status":"publish","type":"post","link":"https:\/\/hablemosclarotdf.com.ar\/?p=83194","title":{"rendered":"RIO GRANDE : EL MUNICIPIO  RESPALD\u00d3 LA PRESENTACI\u00d3N JUDICIAL POR LA EXPLOTACI\u00d3N PETROLERA EN MALVINAS"},"content":{"rendered":"<p><i>El intendente de R\u00edo Grande, Mart\u00edn Perez, recibi\u00f3 en su despacho a representantes de la Asociaci\u00f3n de Abogados Ambientalistas de la Rep\u00fablica Argentina y del Centro de Ex Combatientes de las Islas Malvinas de La Plata, quienes presentaron ante la Justicia Federal de R\u00edo Grande una acci\u00f3n preventiva de da\u00f1os vinculada al proyecto petrolero Sea Lion en las Islas Malvinas. \u201cDesde el Municipio vamos a acompa\u00f1ar esta acci\u00f3n y a promover la participaci\u00f3n de otros mandatarios de la Patagonia\u201d, asegur\u00f3 Perez.<\/i><\/p>\n<p>La acci\u00f3n judicial fue presentada ante el Juzgado Federal de R\u00edo Grande, por considerar que corresponde territorialmente a la jurisdicci\u00f3n vinculada con el territorio de las Islas Malvinas. Los representantes de la Asociaci\u00f3n de Abogados Ambientalistas se\u00f1alaron que el Juzgado ya emiti\u00f3 una primera resoluci\u00f3n y dio intervenci\u00f3n al Ministerio P\u00fablico Fiscal.<\/p>\n<p>La presentaci\u00f3n solicita a la Justicia Federal que intervenga ante lo que los representantes de las organizaciones consideran un riesgo ambiental y una afectaci\u00f3n de los intereses soberanos de la Argentina, y que disponga, como medida cautelar, el cese de las actividades vinculadas al proyecto mientras se determina el alcance de los posibles da\u00f1os.<\/p>\n<p>Durante el encuentro, el Intendente expres\u00f3 el acompa\u00f1amiento del Municipio de R\u00edo Grande a la presentaci\u00f3n judicial, cuyo objetivo es que la Justicia determine el posible da\u00f1o ambiental derivado de la explotaci\u00f3n hidrocarbur\u00edfera proyectada y adopte las medidas correspondientes.<\/p>\n<p>\u201cNosotros como Municipio vamos a acompa\u00f1ar esta iniciativa porque es una acci\u00f3n en defensa de nuestra soberan\u00eda vulnerada por una potencia colonial que usurpa nuestro territorio y explota ilegalmente nuestros recursos naturales\u201d, sostuvo Mart\u00edn Perez. Y en ese sentido, se\u00f1al\u00f3 que el Municipio analiza avanzar en una estrategia institucional junto al Concejo Deliberante de la ciudad para acompa\u00f1ar la presentaci\u00f3n realizada ante la Justicia Federal y, a su vez, promover una acci\u00f3n colectiva junto a otros intendentes y ciudades de la Patagonia.<\/p>\n<p>\u201cCualquier situaci\u00f3n de da\u00f1o ambiental que se pueda generar en Malvinas, en una explotaci\u00f3n tan perjudicial como la que se quiere llevar adelante, es un riesgo tambi\u00e9n para nuestro mar argentino y para nuestras costas\u201d, afirm\u00f3 el Intendente.<\/p>\n<p>Perez tambi\u00e9n anticip\u00f3 que el Municipio buscar\u00e1 llevar este planteo al Congreso de la Naci\u00f3n, con el objetivo de promover un acompa\u00f1amiento institucional a las acciones destinadas a proteger los recursos naturales argentinos y la soberan\u00eda nacional en el Atl\u00e1ntico Sur. En ese marco, cuestion\u00f3 la falta de acciones concretas por parte del Gobierno nacional para defender los intereses argentinos y plante\u00f3 la necesidad de que la pol\u00edtica exterior y las gestiones diplom\u00e1ticas se traduzcan en medidas efectivas de defensa de la soberan\u00eda.<\/p>\n<p>\u201cTenemos que llevar adelante acciones concretas. R\u00edo Grande es un faro de soberan\u00eda y es por eso que estamos acompa\u00f1ando esta iniciativa, como todas las iniciativas que se quieran presentar, de parte de quien sea, que tengan que ver con tratar de ponerle un freno a este avance brit\u00e1nico en nuestro territorio\u201d, remarc\u00f3 Perez.<\/p>\n<p>Por su parte, el apoderado del Centro de Ex Combatientes Islas Malvinas de La Plata, Jer\u00f3nimo Guerrero, destac\u00f3 la importancia de la presentaci\u00f3n realizada ante la Justicia Federal y explic\u00f3 que la acci\u00f3n busca abordar de manera conjunta la dimensi\u00f3n ambiental y soberana del proyecto. \u201cEsta acci\u00f3n que estamos presentando ante la Justicia Federal no es ni m\u00e1s ni menos que una acci\u00f3n frente a la inacci\u00f3n del Gobierno Nacional\u201d, sostuvo.<\/p>\n<p>Asimismo, Guerrero valor\u00f3 el acompa\u00f1amiento del Municipio de R\u00edo Grande y destac\u00f3 el v\u00ednculo institucional construido con el intendente Mart\u00edn Perez. \u201cSiempre hemos sido bien recibidos y hemos encontrado en \u00e9l un respaldo manifiesto para este tipo de acciones\u201d, se\u00f1al\u00f3.<\/p>\n<p>Por su parte, el abogado ambientalista Dr. Fabi\u00e1n Maggi explic\u00f3 que la presentaci\u00f3n judicial se viene trabajando desde hace tiempo y remarc\u00f3 el car\u00e1cter novedoso de incorporar en una misma acci\u00f3n la defensa ambiental y la soberan\u00eda nacional. \u201cEsto de unir soberan\u00eda y ambiente es justamente lo que estaba haciendo falta para poder afrontar el escenario nacional que estamos atravesando, donde no hay custodia de la soberan\u00eda ni custodia de lo ambiental\u201d, afirm\u00f3.<\/p>\n<p>Finalmente, destac\u00f3 la respuesta inicial de la Justicia Federal de R\u00edo Grande y se\u00f1al\u00f3 que \u201cya hay una primera resoluci\u00f3n por parte del Juzgado\u201d, adem\u00e1s de haberse dado intervenci\u00f3n al Ministerio P\u00fablico Fiscal.<\/p>\n<p>En el encuentro tambi\u00e9n estuvieron presentes: el legislador Mat\u00edas Lapadula, la presidenta del Concejo Deliberante de R\u00edo Grande, Guadalupe Zamora, los concejales Jonatan Bogado y Walter Abreg\u00fa.<\/p>\n<p>&nbsp;<\/p>\n<p><img loading=\"lazy\" decoding=\"async\" class=\"alignnone size-medium wp-image-83196\" src=\"https:\/\/hablemosclarotdf.com.ar\/wp-content\/uploads\/2026\/09\/photo_2026-09-03_11-17-36-300x200.jpg\" alt=\"\" width=\"300\" height=\"200\" srcset=\"https:\/\/hablemosclarotdf.com.ar\/wp-content\/uploads\/2026\/09\/photo_2026-09-03_11-17-36-300x200.jpg 300w, https:\/\/hablemosclarotdf.com.ar\/wp-content\/uploads\/2026\/09\/photo_2026-09-03_11-17-36-1024x682.jpg 1024w, https:\/\/hablemosclarotdf.com.ar\/wp-content\/uploads\/2026\/09\/photo_2026-09-03_11-17-36-768x512.jpg 768w, https:\/\/hablemosclarotdf.com.ar\/wp-content\/uploads\/2026\/09\/photo_2026-09-03_11-17-36.jpg 1280w\" sizes=\"auto, (max-width: 300px) 100vw, 300px\" \/><\/p>\n","protected":false},"excerpt":{"rendered":"<p>El intendente de R\u00edo Grande, Mart\u00edn Perez, recibi\u00f3 en su despacho a representantes de la&#8230;<\/p>\n","protected":false},"author":1,"featured_media":83195,"comment_status":"closed","ping_status":"closed","sticky":false,"template":"","format":"standard","meta":{"footnotes":""},"categories":[3],"tags":[],"class_list":["post-83194","post","type-post","status-publish","format-standard","has-post-thumbnail","hentry","category-noticias"],"jetpack_featured_media_url":"https:\/\/hablemosclarotdf.com.ar\/wp-content\/uploads\/2026\/09\/photo_2026-09-03_11-17-30.jpg","_links":{"self":[{"href":"https:\/\/hablemosclarotdf.com.ar\/index.php?rest_route=\/wp\/v2\/posts\/83194","targetHints":{"allow":["GET"]}}],"collection":[{"href":"https:\/\/hablemosclarotdf.com.ar\/index.php?rest_route=\/wp\/v2\/posts"}],"about":[{"href":"https:\/\/hablemosclarotdf.com.ar\/index.php?rest_route=\/wp\/v2\/types\/post"}],"author":[{"embeddable":true,"href":"https:\/\/hablemosclarotdf.com.ar\/index.php?rest_route=\/wp\/v2\/users\/1"}],"replies":[{"embeddable":true,"href":"https:\/\/hablemosclarotdf.com.ar\/index.php?rest_route=%2Fwp%2Fv2%2Fcomments&post=83194"}],"version-history":[{"count":1,"href":"https:\/\/hablemosclarotdf.com.ar\/index.php?rest_route=\/wp\/v2\/posts\/83194\/revisions"}],"predecessor-version":[{"id":83197,"href":"https:\/\/hablemosclarotdf.com.ar\/index.php?rest_route=\/wp\/v2\/posts\/83194\/revisions\/83197"}],"wp:featuredmedia":[{"embeddable":true,"href":"https:\/\/hablemosclarotdf.com.ar\/index.php?rest_route=\/wp\/v2\/media\/83195"}],"wp:attachment":[{"href":"https:\/\/hablemosclarotdf.com.ar\/index.php?rest_route=%2Fwp%2Fv2%2Fmedia&parent=83194"}],"wp:term":[{"taxonomy":"category","embeddable":true,"href":"https:\/\/hablemosclarotdf.com.ar\/index.php?rest_route=%2Fwp%2Fv2%2Fcategories&post=83194"},{"taxonomy":"post_tag","embeddable":true,"href":"https:\/\/hablemosclarotdf.com.ar\/index.php?rest_route=%2Fwp%2Fv2%2Ftags&post=83194"}],"curies":[{"name":"wp","href":"https:\/\/api.w.org\/{rel}","templated":true}]}}