{"id":83161,"date":"2026-09-02T21:39:26","date_gmt":"2026-09-03T00:39:26","guid":{"rendered":"https:\/\/hablemosclarotdf.com.ar\/?p=83161"},"modified":"2026-09-02T21:39:26","modified_gmt":"2026-09-03T00:39:26","slug":"cdtolhuin-el-concejo-aprobo-pedidos-de-informes-repudio-la-venta-de-tierras-publicas-en-ushuaia-y-reconocio-a-instituciones-y-vecinos-de-tolhuin","status":"publish","type":"post","link":"https:\/\/hablemosclarotdf.com.ar\/?p=83161","title":{"rendered":"C,D,TOLHUIN : EL CONCEJO APROB\u00d3 PEDIDOS DE INFORMES, REPUDI\u00d3 LA VENTA DE TIERRAS P\u00daBLICAS EN USHUAIA Y RECONOCI\u00d3 A INSTITUCIONES Y VECINOS DE TOLHUIN"},"content":{"rendered":"<div id=\":87\" class=\"ii gt\">\n<div id=\":8o\" class=\"a3s aiL \">\n<div id=\"avWBGd-114\">\n<div dir=\"auto\">El Concejo Deliberante de Tolhuin desarroll\u00f3 este pasado viernes la 6\u00b0 Sesi\u00f3n Ordinaria del a\u00f1o, durante la cual se aprobaron por unanimidad pedidos de informes vinculados con el empleo local, las pol\u00edticas ambientales y los controles sanitarios. Adem\u00e1s, el Cuerpo expres\u00f3 su rechazo a la decisi\u00f3n del Gobierno nacional de autorizar la venta de tierras p\u00fablicas en Ushuaia y acompa\u00f1\u00f3 distintas iniciativas deportivas y culturales de la comunidad.<\/p>\n<p>A partir de tres proyectos presentados por la concejal Florencia Auat, el Concejo solicit\u00f3 al Municipio informaci\u00f3n actualizada sobre el cumplimiento de ordenanzas que regulan el Banco de Mano de Obra Local, la campa\u00f1a de concientizaci\u00f3n sobre la contaminaci\u00f3n producida por las colillas de cigarrillos y el otorgamiento de libretas sanitarias y carnets de manipulaci\u00f3n de alimentos.<\/p>\n<p>En relaci\u00f3n con el Banco de Mano de Obra Local, creado mediante la Ordenanza Municipal N.\u00ba 568\/2021, se requiri\u00f3 conocer su estado actual de funcionamiento, el \u00e1rea responsable de administrarlo, la cantidad de personas inscriptas y el n\u00famero de empresas, adjudicatarios, prestadores y proveedores alcanzados por la normativa.<\/p>\n<p>Tambi\u00e9n se solicitaron detalles sobre los mecanismos utilizados para verificar el cumplimiento del porcentaje m\u00ednimo de trabajadores con domicilio real en Tolhuin, as\u00ed como las capacitaciones laborales y los convenios celebrados con instituciones educativas.<\/p>\n<p>Otro de los pedidos busca determinar si se implement\u00f3 la campa\u00f1a municipal de concientizaci\u00f3n sobre la contaminaci\u00f3n ocasionada por colillas y filtros de cigarrillos, establecida por la Ordenanza N.\u00ba 571\/2021. El Municipio deber\u00e1 informar qu\u00e9 acciones de difusi\u00f3n realiz\u00f3, d\u00f3nde se instalaron colilleros, cu\u00e1ntos existen actualmente y qu\u00e9 medidas se proyectan para continuar abordando esta problem\u00e1tica ambiental.<\/p>\n<p>El tercer requerimiento est\u00e1 vinculado con la Ordenanza N.\u00ba 593\/2022. En este caso, se solicit\u00f3 conocer qu\u00e9 \u00e1rea municipal tiene a su cargo el otorgamiento y control de las libretas sanitarias, cu\u00e1ntas fueron entregadas desde la entrada en vigencia de la normativa, cu\u00e1ntas permanecen vigentes y qu\u00e9 cantidad de carnets de manipulaci\u00f3n de alimentos fueron gestionados u otorgados en la ciudad.<\/p>\n<p>Los tres pedidos establecen un plazo de diez d\u00edas h\u00e1biles para que el Departamento Ejecutivo remita la documentaci\u00f3n al Cuerpo de concejales.<\/p>\n<p>Durante la sesi\u00f3n tambi\u00e9n se aprob\u00f3 una resoluci\u00f3n de repudio al Decreto Nacional N.\u00ba 764\/2026, mediante el cual el Gobierno nacional autoriz\u00f3 a la Agencia de Administraci\u00f3n de Bienes del Estado a disponer y enajenar distintos inmuebles p\u00fablicos. Entre ellos se encuentra un predio de m\u00e1s de 38 hect\u00e1reas ubicado en Ushuaia.<\/p>\n<p>Asimismo, se aprob\u00f3 una minuta de comunicaci\u00f3n referida al conflicto educativo que atraviesa la provincia.<\/p>\n<p>Finalmente, el Concejo acompa\u00f1\u00f3 y reconoci\u00f3 a distintos representantes e instituciones de Tolhuin. Se declar\u00f3 de inter\u00e9s municipal la trayectoria del deportista Aar\u00f3n Andreu, el Ballet Municipal, la participaci\u00f3n de Lorena Fuentes como campeona provincial de Malambo Mayor Femenino, la Academia Isadora Danza-Pilates, GD Sport, el equipo de newcom Pioneros Tolhuin y la presentaci\u00f3n del evento Mart\u00edn Fierro de la Danza.<\/p>\n<p>De esta manera, la 6\u00b0 Sesi\u00f3n Ordinaria reuni\u00f3 decisiones vinculadas con el control de las pol\u00edticas municipales, la defensa del patrimonio p\u00fablico fueguino y el reconocimiento a quienes representan y fortalecen la vida deportiva y cultural de Tolhuin.<\/p><\/div>\n<\/div>\n<\/div>\n<\/div>\n<div dir=\"auto\"><img loading=\"lazy\" decoding=\"async\" class=\"alignnone size-medium wp-image-83163\" src=\"https:\/\/hablemosclarotdf.com.ar\/wp-content\/uploads\/2026\/09\/0-2-300x209.jpg\" alt=\"\" width=\"300\" height=\"209\" srcset=\"https:\/\/hablemosclarotdf.com.ar\/wp-content\/uploads\/2026\/09\/0-2-300x209.jpg 300w, https:\/\/hablemosclarotdf.com.ar\/wp-content\/uploads\/2026\/09\/0-2-768x536.jpg 768w, https:\/\/hablemosclarotdf.com.ar\/wp-content\/uploads\/2026\/09\/0-2.jpg 858w\" sizes=\"auto, (max-width: 300px) 100vw, 300px\" \/> <img loading=\"lazy\" decoding=\"async\" class=\"alignnone size-medium wp-image-83164\" src=\"https:\/\/hablemosclarotdf.com.ar\/wp-content\/uploads\/2026\/09\/0-3-300x245.jpg\" alt=\"\" width=\"300\" height=\"245\" srcset=\"https:\/\/hablemosclarotdf.com.ar\/wp-content\/uploads\/2026\/09\/0-3-300x245.jpg 300w, https:\/\/hablemosclarotdf.com.ar\/wp-content\/uploads\/2026\/09\/0-3.jpg 733w\" sizes=\"auto, (max-width: 300px) 100vw, 300px\" \/> <img loading=\"lazy\" decoding=\"async\" class=\"alignnone size-medium wp-image-83165\" src=\"https:\/\/hablemosclarotdf.com.ar\/wp-content\/uploads\/2026\/09\/0-4-300x223.jpg\" alt=\"\" width=\"300\" height=\"223\" srcset=\"https:\/\/hablemosclarotdf.com.ar\/wp-content\/uploads\/2026\/09\/0-4-300x223.jpg 300w, https:\/\/hablemosclarotdf.com.ar\/wp-content\/uploads\/2026\/09\/0-4-768x570.jpg 768w, https:\/\/hablemosclarotdf.com.ar\/wp-content\/uploads\/2026\/09\/0-4.jpg 807w\" sizes=\"auto, (max-width: 300px) 100vw, 300px\" \/> <img loading=\"lazy\" decoding=\"async\" class=\"alignnone size-medium wp-image-83166\" src=\"https:\/\/hablemosclarotdf.com.ar\/wp-content\/uploads\/2026\/09\/0-5-300x204.jpg\" alt=\"\" width=\"300\" height=\"204\" srcset=\"https:\/\/hablemosclarotdf.com.ar\/wp-content\/uploads\/2026\/09\/0-5-300x204.jpg 300w, https:\/\/hablemosclarotdf.com.ar\/wp-content\/uploads\/2026\/09\/0-5-768x522.jpg 768w, https:\/\/hablemosclarotdf.com.ar\/wp-content\/uploads\/2026\/09\/0-5.jpg 882w\" sizes=\"auto, (max-width: 300px) 100vw, 300px\" \/> <img loading=\"lazy\" decoding=\"async\" class=\"alignnone size-medium wp-image-83167\" src=\"https:\/\/hablemosclarotdf.com.ar\/wp-content\/uploads\/2026\/09\/0-6-300x182.jpg\" alt=\"\" width=\"300\" height=\"182\" srcset=\"https:\/\/hablemosclarotdf.com.ar\/wp-content\/uploads\/2026\/09\/0-6-300x182.jpg 300w, https:\/\/hablemosclarotdf.com.ar\/wp-content\/uploads\/2026\/09\/0-6-768x465.jpg 768w, https:\/\/hablemosclarotdf.com.ar\/wp-content\/uploads\/2026\/09\/0-6.jpg 989w\" sizes=\"auto, (max-width: 300px) 100vw, 300px\" \/><\/div>\n<div id=\":87\" class=\"ii gt\">\n<div id=\":8o\" class=\"a3s aiL \">\n<div id=\"avWBGd-114\">\n<div class=\"yj6qo\"><\/div>\n<div class=\"adL\"><\/div>\n<\/div>\n<\/div>\n<\/div>\n<div id=\":8k\" class=\"hq gt \"><\/div>\n","protected":false},"excerpt":{"rendered":"<p>El Concejo Deliberante de Tolhuin desarroll\u00f3 este pasado viernes la 6\u00b0 Sesi\u00f3n Ordinaria del a\u00f1o,&#8230;<\/p>\n","protected":false},"author":1,"featured_media":83162,"comment_status":"closed","ping_status":"closed","sticky":false,"template":"","format":"standard","meta":{"footnotes":""},"categories":[3],"tags":[],"class_list":["post-83161","post","type-post","status-publish","format-standard","has-post-thumbnail","hentry","category-noticias"],"jetpack_featured_media_url":"https:\/\/hablemosclarotdf.com.ar\/wp-content\/uploads\/2026\/09\/0-1.jpg","_links":{"self":[{"href":"https:\/\/hablemosclarotdf.com.ar\/index.php?rest_route=\/wp\/v2\/posts\/83161","targetHints":{"allow":["GET"]}}],"collection":[{"href":"https:\/\/hablemosclarotdf.com.ar\/index.php?rest_route=\/wp\/v2\/posts"}],"about":[{"href":"https:\/\/hablemosclarotdf.com.ar\/index.php?rest_route=\/wp\/v2\/types\/post"}],"author":[{"embeddable":true,"href":"https:\/\/hablemosclarotdf.com.ar\/index.php?rest_route=\/wp\/v2\/users\/1"}],"replies":[{"embeddable":true,"href":"https:\/\/hablemosclarotdf.com.ar\/index.php?rest_route=%2Fwp%2Fv2%2Fcomments&post=83161"}],"version-history":[{"count":1,"href":"https:\/\/hablemosclarotdf.com.ar\/index.php?rest_route=\/wp\/v2\/posts\/83161\/revisions"}],"predecessor-version":[{"id":83168,"href":"https:\/\/hablemosclarotdf.com.ar\/index.php?rest_route=\/wp\/v2\/posts\/83161\/revisions\/83168"}],"wp:featuredmedia":[{"embeddable":true,"href":"https:\/\/hablemosclarotdf.com.ar\/index.php?rest_route=\/wp\/v2\/media\/83162"}],"wp:attachment":[{"href":"https:\/\/hablemosclarotdf.com.ar\/index.php?rest_route=%2Fwp%2Fv2%2Fmedia&parent=83161"}],"wp:term":[{"taxonomy":"category","embeddable":true,"href":"https:\/\/hablemosclarotdf.com.ar\/index.php?rest_route=%2Fwp%2Fv2%2Fcategories&post=83161"},{"taxonomy":"post_tag","embeddable":true,"href":"https:\/\/hablemosclarotdf.com.ar\/index.php?rest_route=%2Fwp%2Fv2%2Ftags&post=83161"}],"curies":[{"name":"wp","href":"https:\/\/api.w.org\/{rel}","templated":true}]}}