{"id":83156,"date":"2026-09-02T21:30:57","date_gmt":"2026-09-03T00:30:57","guid":{"rendered":"https:\/\/hablemosclarotdf.com.ar\/?p=83156"},"modified":"2026-09-02T21:30:57","modified_gmt":"2026-09-03T00:30:57","slug":"ushuaia-la-municipalidad-acordo-un-nuevo-aumento-salarial-del-824-con-todos-los-gremios-municipales","status":"publish","type":"post","link":"https:\/\/hablemosclarotdf.com.ar\/?p=83156","title":{"rendered":"USHUAIA : LA MUNICIPALIDAD  ACORD\u00d3 UN NUEVO AUMENTO SALARIAL DEL 8,24% CON TODOS LOS GREMIOS MUNICIPALES"},"content":{"rendered":"<p><i>Frente a la crisis nacional<\/i><\/p>\n<p>La gesti\u00f3n del intendente Walter Vuoto consolid\u00f3 un nuevo acuerdo salarial con las siete entidades sindicales que representan a los trabajadores municipales. Con este esquema acumulativo, la recomposici\u00f3n salarial en 2026 llega al 19,39% y los haberes municipales contin\u00faan ubic\u00e1ndose por encima de la inflaci\u00f3n patag\u00f3nica_<\/p>\n<p>En un escenario socioecon\u00f3mico nacional marcado por la p\u00e9rdida generalizada del poder adquisitivo, la recesi\u00f3n y la incertidumbre en distintas regiones del pa\u00eds, la Municipalidad de Ushuaia cerr\u00f3 un nuevo acuerdo salarial con la totalidad de los gremios que nuclean a los trabajadores municipales, garantizando una suba acumulativa del 8,24% efectiva sobre los haberes de julio.<\/p>\n<p>El acta paritaria, refrendada por el Ejecutivo municipal junto a ATE, SOEM, ASEOM, SEMUP, el Sindicato del Personal Jer\u00e1rquico, SaDEM y UPCN, abarca a todas las modalidades contractuales de la administraci\u00f3n p\u00fablica local y reafirma la premisa de resguardar el salario frente al encarecimiento constante del costo de vida en la Patagonia.<\/p>\n<p>El esquema salarial contempla tres tramos: el primero, del 3%, ya fue liquidado e impact\u00f3 en los haberes de agosto; el segundo sumar\u00e1 un 3% a partir de septiembre; y el tramo final aplicar\u00e1 un 2% en octubre. Al tratarse de porcentajes acumulativos, la mejora global consolidada alcanza el 8,24%, llevando la recomposici\u00f3n en lo que va del 2026 al 19,39%.<\/p>\n<p>La comparaci\u00f3n con el resto de la provincia refuerza esa lectura. En R\u00edo Grande, la recomposici\u00f3n salarial municipal fue del 28,15% en 2025 y del 14,66% en lo que va de 2026, en ambos casos por debajo de la inflaci\u00f3n patag\u00f3nica, mientras que en el registro interanual la pauta alcanz\u00f3 un 23,42%, es decir, 8,46 puntos menos que el \u00edndice regional y m\u00e1s de 11 puntos por debajo de lo acordado en Ushuaia. Esa diferencia se refleja en las escalas vigentes: el grado m\u00e1s bajo de la escala municipal de Ushuaia (grado 5, $905.520) supera hoy a la categor\u00eda m\u00e1s alta de R\u00edo Grande (categor\u00eda 24, $850.961).<\/p>\n<p>Desde el Municipio subrayaron que este nuevo tramo se inscribe en una pol\u00edtica sostenida de preservaci\u00f3n del poder de compra de las familias municipales. Los indicadores oficiales ratifican esa trayectoria: durante 2025 los salarios municipales acumularon un incremento del 33,34%, frente a una inflaci\u00f3n patag\u00f3nica del 33,03%. Del mismo modo, en el registro interanual entre agosto de 2025 y julio de 2026, la pauta municipal alcanz\u00f3 un 34,94%, superando el 31,87% del \u00edndice inflacionario de la regi\u00f3n.<\/p>\n<p>Durante el encuentro, las entidades gremiales solicitaron formalmente trasladar los alcances del acuerdo al sector pasivo, reafirmando una mirada integral sobre toda la familia trabajadora del municipio.<\/p>\n<p>Finalmente, las autoridades locales y la dirigencia sindical coincidieron en sostener el di\u00e1logo paritario permanente, pautando una nueva reuni\u00f3n para el mes de noviembre de 2026 con el fin de evaluar la evoluci\u00f3n macroecon\u00f3mica y dar continuidad a la mesa salarial.<\/p>\n<p><img loading=\"lazy\" decoding=\"async\" class=\"alignnone size-medium wp-image-83158\" src=\"https:\/\/hablemosclarotdf.com.ar\/wp-content\/uploads\/2026\/09\/photo_2026-09-02_21-29-42-300x200.jpg\" alt=\"\" width=\"300\" height=\"200\" srcset=\"https:\/\/hablemosclarotdf.com.ar\/wp-content\/uploads\/2026\/09\/photo_2026-09-02_21-29-42-300x200.jpg 300w, https:\/\/hablemosclarotdf.com.ar\/wp-content\/uploads\/2026\/09\/photo_2026-09-02_21-29-42-1024x682.jpg 1024w, https:\/\/hablemosclarotdf.com.ar\/wp-content\/uploads\/2026\/09\/photo_2026-09-02_21-29-42-768x512.jpg 768w, https:\/\/hablemosclarotdf.com.ar\/wp-content\/uploads\/2026\/09\/photo_2026-09-02_21-29-42.jpg 1280w\" sizes=\"auto, (max-width: 300px) 100vw, 300px\" \/> <img loading=\"lazy\" decoding=\"async\" class=\"alignnone size-medium wp-image-83159\" src=\"https:\/\/hablemosclarotdf.com.ar\/wp-content\/uploads\/2026\/09\/photo_2026-09-02_21-29-48-300x200.jpg\" alt=\"\" width=\"300\" height=\"200\" srcset=\"https:\/\/hablemosclarotdf.com.ar\/wp-content\/uploads\/2026\/09\/photo_2026-09-02_21-29-48-300x200.jpg 300w, https:\/\/hablemosclarotdf.com.ar\/wp-content\/uploads\/2026\/09\/photo_2026-09-02_21-29-48-1024x682.jpg 1024w, https:\/\/hablemosclarotdf.com.ar\/wp-content\/uploads\/2026\/09\/photo_2026-09-02_21-29-48-768x512.jpg 768w, https:\/\/hablemosclarotdf.com.ar\/wp-content\/uploads\/2026\/09\/photo_2026-09-02_21-29-48.jpg 1280w\" sizes=\"auto, (max-width: 300px) 100vw, 300px\" \/><\/p>\n","protected":false},"excerpt":{"rendered":"<p>Frente a la crisis nacional La gesti\u00f3n del intendente Walter Vuoto consolid\u00f3 un nuevo acuerdo&#8230;<\/p>\n","protected":false},"author":1,"featured_media":83157,"comment_status":"closed","ping_status":"closed","sticky":false,"template":"","format":"standard","meta":{"footnotes":""},"categories":[3],"tags":[],"class_list":["post-83156","post","type-post","status-publish","format-standard","has-post-thumbnail","hentry","category-noticias"],"jetpack_featured_media_url":"https:\/\/hablemosclarotdf.com.ar\/wp-content\/uploads\/2026\/09\/photo_2026-09-02_21-29-37.jpg","_links":{"self":[{"href":"https:\/\/hablemosclarotdf.com.ar\/index.php?rest_route=\/wp\/v2\/posts\/83156","targetHints":{"allow":["GET"]}}],"collection":[{"href":"https:\/\/hablemosclarotdf.com.ar\/index.php?rest_route=\/wp\/v2\/posts"}],"about":[{"href":"https:\/\/hablemosclarotdf.com.ar\/index.php?rest_route=\/wp\/v2\/types\/post"}],"author":[{"embeddable":true,"href":"https:\/\/hablemosclarotdf.com.ar\/index.php?rest_route=\/wp\/v2\/users\/1"}],"replies":[{"embeddable":true,"href":"https:\/\/hablemosclarotdf.com.ar\/index.php?rest_route=%2Fwp%2Fv2%2Fcomments&post=83156"}],"version-history":[{"count":1,"href":"https:\/\/hablemosclarotdf.com.ar\/index.php?rest_route=\/wp\/v2\/posts\/83156\/revisions"}],"predecessor-version":[{"id":83160,"href":"https:\/\/hablemosclarotdf.com.ar\/index.php?rest_route=\/wp\/v2\/posts\/83156\/revisions\/83160"}],"wp:featuredmedia":[{"embeddable":true,"href":"https:\/\/hablemosclarotdf.com.ar\/index.php?rest_route=\/wp\/v2\/media\/83157"}],"wp:attachment":[{"href":"https:\/\/hablemosclarotdf.com.ar\/index.php?rest_route=%2Fwp%2Fv2%2Fmedia&parent=83156"}],"wp:term":[{"taxonomy":"category","embeddable":true,"href":"https:\/\/hablemosclarotdf.com.ar\/index.php?rest_route=%2Fwp%2Fv2%2Fcategories&post=83156"},{"taxonomy":"post_tag","embeddable":true,"href":"https:\/\/hablemosclarotdf.com.ar\/index.php?rest_route=%2Fwp%2Fv2%2Ftags&post=83156"}],"curies":[{"name":"wp","href":"https:\/\/api.w.org\/{rel}","templated":true}]}}