{"id":83150,"date":"2026-09-02T21:27:50","date_gmt":"2026-09-03T00:27:50","guid":{"rendered":"https:\/\/hablemosclarotdf.com.ar\/?p=83150"},"modified":"2026-09-02T21:27:50","modified_gmt":"2026-09-03T00:27:50","slug":"ushuaia-la-municipalidad-fortalece-el-acompanamiento-a-estudiantes-en-el-marco-de-la-fiesta-de-la-promo-2026","status":"publish","type":"post","link":"https:\/\/hablemosclarotdf.com.ar\/?p=83150","title":{"rendered":"USHUAIA : LA MUNICIPALIDAD FORTALECE EL ACOMPA\u00d1AMIENTO A ESTUDIANTES EN EL MARCO DE LA FIESTA DE LA PROMO 2026"},"content":{"rendered":"<p>La Municipalidad de Ushuaia llev\u00f3 adelante la firma de convenios vinculados a la Fiesta de la Promo 2026, una iniciativa que busca acompa\u00f1ar a los y las estudiantes de la ciudad en una etapa significativa de su trayectoria educativa.<\/p>\n<p>El encuentro se desarroll\u00f3 en la Casa de la Mujer y cont\u00f3 con la participaci\u00f3n de autoridades municipales y representantes de las instituciones involucradas, quienes avanzaron en la formalizaci\u00f3n de los acuerdos destinados a acompa\u00f1ar la organizaci\u00f3n de la fiesta de egresados.<\/p>\n<p>La actividad permiti\u00f3 consolidar el trabajo articulado entre distintas \u00e1reas municipales y generar las condiciones necesarias para acompa\u00f1ar a las juventudes en la organizaci\u00f3n y desarrollo de una celebraci\u00f3n que forma parte de uno de los momentos m\u00e1s importantes de su recorrido por la escuela secundaria.<\/p>\n<p>La secretaria de la Mujer y Desarrollo Humano, Ver\u00f3nica Maestro, destac\u00f3 el valor de acompa\u00f1ar a las juventudes en esta etapa y se\u00f1al\u00f3 que \u201cpara nosotros es muy importante poder acompa\u00f1ar a nuestros j\u00f3venes en este momento tan especial. Fiesta de de la promo 2026 representa mucho m\u00e1s que una celebraci\u00f3n: es el cierre de una etapa compartida y el comienzo de nuevos caminos. Desde la Municipalidad queremos estar presentes y generar las condiciones para que puedan vivir este momento de la mejor manera\u201d.<\/p>\n<p>Por su parte, el secretario de Pol\u00edticas Ambientales, Culturales y Educativas, David Ferreyra, resalt\u00f3 la importancia del trabajo conjunto y sostuvo que \u201cacompa\u00f1ar a nuestros estudiantes tambi\u00e9n significa estar presentes en aquellos momentos que construyen identidad y fortalecen los v\u00ednculos entre ellos. La articulaci\u00f3n entre las distintas \u00e1reas nos permite generar propuestas que est\u00e9n a la altura de lo que significa para cada curso llegar a esta instancia\u201d.<\/p>\n<p>Desde la Municipalidad destacaron que este tipo de iniciativas forman parte de una pol\u00edtica de acompa\u00f1amiento a las juventudes, promoviendo espacios de encuentro, participaci\u00f3n y celebraci\u00f3n que reconozcan el esfuerzo realizado durante la trayectoria escolar y fortalezcan los v\u00ednculos comunitarios.<\/p>\n<p>La firma de estos convenios permite avanzar en la organizaci\u00f3n de la Fiesta de la Promo 2026, acompa\u00f1ando a los y las estudiantes de Ushuaia en el cierre de una etapa significativa y en la construcci\u00f3n colectiva de este momento.<\/p>\n<p><img loading=\"lazy\" decoding=\"async\" class=\"alignnone size-medium wp-image-83152\" src=\"https:\/\/hablemosclarotdf.com.ar\/wp-content\/uploads\/2026\/09\/photo_2026-09-02_21-26-20-300x200.jpg\" alt=\"\" width=\"300\" height=\"200\" srcset=\"https:\/\/hablemosclarotdf.com.ar\/wp-content\/uploads\/2026\/09\/photo_2026-09-02_21-26-20-300x200.jpg 300w, https:\/\/hablemosclarotdf.com.ar\/wp-content\/uploads\/2026\/09\/photo_2026-09-02_21-26-20-1024x682.jpg 1024w, https:\/\/hablemosclarotdf.com.ar\/wp-content\/uploads\/2026\/09\/photo_2026-09-02_21-26-20-768x512.jpg 768w, https:\/\/hablemosclarotdf.com.ar\/wp-content\/uploads\/2026\/09\/photo_2026-09-02_21-26-20.jpg 1280w\" sizes=\"auto, (max-width: 300px) 100vw, 300px\" \/> <img loading=\"lazy\" decoding=\"async\" class=\"alignnone size-medium wp-image-83153\" src=\"https:\/\/hablemosclarotdf.com.ar\/wp-content\/uploads\/2026\/09\/photo_2026-09-02_21-26-27-300x200.jpg\" alt=\"\" width=\"300\" height=\"200\" srcset=\"https:\/\/hablemosclarotdf.com.ar\/wp-content\/uploads\/2026\/09\/photo_2026-09-02_21-26-27-300x200.jpg 300w, https:\/\/hablemosclarotdf.com.ar\/wp-content\/uploads\/2026\/09\/photo_2026-09-02_21-26-27-1024x682.jpg 1024w, https:\/\/hablemosclarotdf.com.ar\/wp-content\/uploads\/2026\/09\/photo_2026-09-02_21-26-27-768x512.jpg 768w, https:\/\/hablemosclarotdf.com.ar\/wp-content\/uploads\/2026\/09\/photo_2026-09-02_21-26-27.jpg 1280w\" sizes=\"auto, (max-width: 300px) 100vw, 300px\" \/> <img loading=\"lazy\" decoding=\"async\" class=\"alignnone size-medium wp-image-83154\" src=\"https:\/\/hablemosclarotdf.com.ar\/wp-content\/uploads\/2026\/09\/photo_2026-09-02_21-26-32-300x200.jpg\" alt=\"\" width=\"300\" height=\"200\" srcset=\"https:\/\/hablemosclarotdf.com.ar\/wp-content\/uploads\/2026\/09\/photo_2026-09-02_21-26-32-300x200.jpg 300w, https:\/\/hablemosclarotdf.com.ar\/wp-content\/uploads\/2026\/09\/photo_2026-09-02_21-26-32-1024x682.jpg 1024w, https:\/\/hablemosclarotdf.com.ar\/wp-content\/uploads\/2026\/09\/photo_2026-09-02_21-26-32-768x512.jpg 768w, https:\/\/hablemosclarotdf.com.ar\/wp-content\/uploads\/2026\/09\/photo_2026-09-02_21-26-32.jpg 1280w\" sizes=\"auto, (max-width: 300px) 100vw, 300px\" \/><\/p>\n","protected":false},"excerpt":{"rendered":"<p>La Municipalidad de Ushuaia llev\u00f3 adelante la firma de convenios vinculados a la Fiesta de&#8230;<\/p>\n","protected":false},"author":1,"featured_media":83151,"comment_status":"closed","ping_status":"closed","sticky":false,"template":"","format":"standard","meta":{"footnotes":""},"categories":[3],"tags":[],"class_list":["post-83150","post","type-post","status-publish","format-standard","has-post-thumbnail","hentry","category-noticias"],"jetpack_featured_media_url":"https:\/\/hablemosclarotdf.com.ar\/wp-content\/uploads\/2026\/09\/photo_2026-09-02_21-26-15.jpg","_links":{"self":[{"href":"https:\/\/hablemosclarotdf.com.ar\/index.php?rest_route=\/wp\/v2\/posts\/83150","targetHints":{"allow":["GET"]}}],"collection":[{"href":"https:\/\/hablemosclarotdf.com.ar\/index.php?rest_route=\/wp\/v2\/posts"}],"about":[{"href":"https:\/\/hablemosclarotdf.com.ar\/index.php?rest_route=\/wp\/v2\/types\/post"}],"author":[{"embeddable":true,"href":"https:\/\/hablemosclarotdf.com.ar\/index.php?rest_route=\/wp\/v2\/users\/1"}],"replies":[{"embeddable":true,"href":"https:\/\/hablemosclarotdf.com.ar\/index.php?rest_route=%2Fwp%2Fv2%2Fcomments&post=83150"}],"version-history":[{"count":1,"href":"https:\/\/hablemosclarotdf.com.ar\/index.php?rest_route=\/wp\/v2\/posts\/83150\/revisions"}],"predecessor-version":[{"id":83155,"href":"https:\/\/hablemosclarotdf.com.ar\/index.php?rest_route=\/wp\/v2\/posts\/83150\/revisions\/83155"}],"wp:featuredmedia":[{"embeddable":true,"href":"https:\/\/hablemosclarotdf.com.ar\/index.php?rest_route=\/wp\/v2\/media\/83151"}],"wp:attachment":[{"href":"https:\/\/hablemosclarotdf.com.ar\/index.php?rest_route=%2Fwp%2Fv2%2Fmedia&parent=83150"}],"wp:term":[{"taxonomy":"category","embeddable":true,"href":"https:\/\/hablemosclarotdf.com.ar\/index.php?rest_route=%2Fwp%2Fv2%2Fcategories&post=83150"},{"taxonomy":"post_tag","embeddable":true,"href":"https:\/\/hablemosclarotdf.com.ar\/index.php?rest_route=%2Fwp%2Fv2%2Ftags&post=83150"}],"curies":[{"name":"wp","href":"https:\/\/api.w.org\/{rel}","templated":true}]}}