{"id":83147,"date":"2026-09-02T16:52:12","date_gmt":"2026-09-02T19:52:12","guid":{"rendered":"https:\/\/hablemosclarotdf.com.ar\/?p=83147"},"modified":"2026-09-02T16:52:24","modified_gmt":"2026-09-02T19:52:24","slug":"ushuaia-la-municipalidad-invita-a-una-nueva-edicion-de-expo-emprendiendo-mercado-concentrador","status":"publish","type":"post","link":"https:\/\/hablemosclarotdf.com.ar\/?p=83147","title":{"rendered":"USHUAIA : LA MUNICIPALIDAD INVITA A UNA NUEVA EDICI\u00d3N DE EXPO EMPRENDIENDO + MERCADO CONCENTRADOR"},"content":{"rendered":"<p>La Municipalidad de Ushuaia invita a la comunidad a participar de una nueva edici\u00f3n de Expo Emprendiendo + Mercado Concentrador, que se realizar\u00e1 los d\u00edas 12 y 13 de septiembre en el Microestadio Cochocho Vargas, con propuestas destinadas a acompa\u00f1ar la producci\u00f3n local y acercar productos y emprendimientos de la ciudad a las familias.<\/p>\n<p>La iniciativa reunir\u00e1 a emprendedoras y emprendedores locales junto a la propuesta del Mercado Concentrador, generando un espacio de encuentro donde vecinos y vecinas podr\u00e1n recorrer los stands, conocer diferentes producciones y realizar sus compras durante el fin de semana.<\/p>\n<p>Expo Emprendiendo forma parte de las pol\u00edticas de acompa\u00f1amiento que impulsa la Municipalidad para fortalecer los proyectos productivos locales, ampliar sus oportunidades de comercializaci\u00f3n y visibilizar el trabajo de quienes llevan adelante sus propios emprendimientos. En este sentido, la secretaria de la Mujer y Desarrollo Humano, Ver\u00f3nica Maestro, destac\u00f3 la importancia de sostener estos espacios y se\u00f1al\u00f3 que \u201ccada edici\u00f3n de Expo Emprendiendo nos permite acompa\u00f1ar de manera concreta a quienes emprenden, generando espacios donde puedan mostrar su trabajo, comercializar sus productos y seguir haciendo crecer sus proyectos. En este contexto, para nosotros es fundamental continuar generando oportunidades y fortaleciendo la econom\u00eda local\u201d.<\/p>\n<p>Por su parte, la subsecretaria de Inclusi\u00f3n Social, Yanira Mart\u00ednez, resalt\u00f3 el valor de acercar estas propuestas a la comunidad y sostuvo que \u201cestos encuentros son una oportunidad para que nuestros vecinos y vecinas conozcan el trabajo que hay detr\u00e1s de cada emprendimiento y, al mismo tiempo, puedan acceder a productos y propuestas locales. Seguimos apostando a generar espacios que fortalezcan los v\u00ednculos comunitarios y acompa\u00f1en a quienes trabajan y producen en nuestra ciudad\u201d.<\/p>\n<p>En esta nueva edici\u00f3n, Expo Emprendiendo y Mercado Concentrador volver\u00e1n a compartir el espacio, ampliando la variedad de productos y propuestas disponibles para quienes se acerquen al Microestadio Cochocho Vargas.<\/p>\n<p>Desde la Municipalidad invitaron a las familias y a toda la comunidad a participar y acompa\u00f1ar con su presencia el trabajo de emprendedores y emprendedoras de Ushuaia.<\/p>\n","protected":false},"excerpt":{"rendered":"<p>La Municipalidad de Ushuaia invita a la comunidad a participar de una nueva edici\u00f3n de&#8230;<\/p>\n","protected":false},"author":1,"featured_media":83148,"comment_status":"closed","ping_status":"closed","sticky":false,"template":"","format":"standard","meta":{"footnotes":""},"categories":[3],"tags":[],"class_list":["post-83147","post","type-post","status-publish","format-standard","has-post-thumbnail","hentry","category-noticias"],"jetpack_featured_media_url":"https:\/\/hablemosclarotdf.com.ar\/wp-content\/uploads\/2026\/09\/photo_2026-09-02_16-51-12.jpg","_links":{"self":[{"href":"https:\/\/hablemosclarotdf.com.ar\/index.php?rest_route=\/wp\/v2\/posts\/83147","targetHints":{"allow":["GET"]}}],"collection":[{"href":"https:\/\/hablemosclarotdf.com.ar\/index.php?rest_route=\/wp\/v2\/posts"}],"about":[{"href":"https:\/\/hablemosclarotdf.com.ar\/index.php?rest_route=\/wp\/v2\/types\/post"}],"author":[{"embeddable":true,"href":"https:\/\/hablemosclarotdf.com.ar\/index.php?rest_route=\/wp\/v2\/users\/1"}],"replies":[{"embeddable":true,"href":"https:\/\/hablemosclarotdf.com.ar\/index.php?rest_route=%2Fwp%2Fv2%2Fcomments&post=83147"}],"version-history":[{"count":1,"href":"https:\/\/hablemosclarotdf.com.ar\/index.php?rest_route=\/wp\/v2\/posts\/83147\/revisions"}],"predecessor-version":[{"id":83149,"href":"https:\/\/hablemosclarotdf.com.ar\/index.php?rest_route=\/wp\/v2\/posts\/83147\/revisions\/83149"}],"wp:featuredmedia":[{"embeddable":true,"href":"https:\/\/hablemosclarotdf.com.ar\/index.php?rest_route=\/wp\/v2\/media\/83148"}],"wp:attachment":[{"href":"https:\/\/hablemosclarotdf.com.ar\/index.php?rest_route=%2Fwp%2Fv2%2Fmedia&parent=83147"}],"wp:term":[{"taxonomy":"category","embeddable":true,"href":"https:\/\/hablemosclarotdf.com.ar\/index.php?rest_route=%2Fwp%2Fv2%2Fcategories&post=83147"},{"taxonomy":"post_tag","embeddable":true,"href":"https:\/\/hablemosclarotdf.com.ar\/index.php?rest_route=%2Fwp%2Fv2%2Ftags&post=83147"}],"curies":[{"name":"wp","href":"https:\/\/api.w.org\/{rel}","templated":true}]}}