{"id":83144,"date":"2026-09-02T16:46:30","date_gmt":"2026-09-02T19:46:30","guid":{"rendered":"https:\/\/hablemosclarotdf.com.ar\/?p=83144"},"modified":"2026-09-02T16:46:30","modified_gmt":"2026-09-02T19:46:30","slug":"convocatoria-a-acto-publico-extraordinario-para-la-designacion-de-horas-catedra-del-plan-de-compensacion-pedagogica-en-rio-grande","status":"publish","type":"post","link":"https:\/\/hablemosclarotdf.com.ar\/?p=83144","title":{"rendered":"CONVOCATORIA A ACTO P\u00daBLICO EXTRAORDINARIO PARA LA DESIGNACI\u00d3N DE HORAS C\u00c1TEDRA DEL \u201cPLAN DE COMPENSACI\u00d3N PEDAG\u00d3GICA\u201d EN R\u00cdO GRANDE"},"content":{"rendered":"<p>El Ministerio de Educaci\u00f3n de la provincia convoca a docentes inscriptos en la Junta de Clasificaci\u00f3n y Disciplina de Nivel Inicial, Primario Modalidad y Gabinete de R\u00edo Grande, al Acto P\u00fablico Extraordinario mediante el cual se proceder\u00e1 a la designaci\u00f3n de horas c\u00e1tedra pertenecientes al \u201cPlan de Compensaci\u00f3n Pedag\u00f3gica\u201d, enmarcadas en la Resoluci\u00f3n S.G.E. N\u00b0 0623\/2026 y la Resoluci\u00f3n S.G.E. N\u00b0 0641\/2026, destinadas a docentes de Nivel Inicial, Nivel Primario y Modalidad Especial.<\/p>\n<p>El mismo, se llevar\u00e1 adelante el d\u00eda jueves 3 de septiembre en la Escuela Provincial N\u00ba 8 \u201cGral. Jos\u00e9 de San Mart\u00edn\u201d, sita en calle M.T. de Alvear N\u00ba 651 dando inicio al Acto a las 18:30 horas, por lo que las y los interesados, deber\u00e1n presentarse 18:00 horas.<\/p>\n<p>Las y los docentes deber\u00e1n concurrir con D.N.I y encontrarse encuadrados dentro de la Ley Provincial N\u00ba 761, referida al R\u00e9gimen de acumulaci\u00f3n de cargos, horas c\u00e1tedra y\/o funciones e incompatibilidades.<\/p>\n","protected":false},"excerpt":{"rendered":"<p>El Ministerio de Educaci\u00f3n de la provincia convoca a docentes inscriptos en la Junta de&#8230;<\/p>\n","protected":false},"author":1,"featured_media":83145,"comment_status":"closed","ping_status":"closed","sticky":false,"template":"","format":"standard","meta":{"footnotes":""},"categories":[3],"tags":[],"class_list":["post-83144","post","type-post","status-publish","format-standard","has-post-thumbnail","hentry","category-noticias"],"jetpack_featured_media_url":"https:\/\/hablemosclarotdf.com.ar\/wp-content\/uploads\/2026\/09\/photo_2026-09-02_16-45-46.jpg","_links":{"self":[{"href":"https:\/\/hablemosclarotdf.com.ar\/index.php?rest_route=\/wp\/v2\/posts\/83144","targetHints":{"allow":["GET"]}}],"collection":[{"href":"https:\/\/hablemosclarotdf.com.ar\/index.php?rest_route=\/wp\/v2\/posts"}],"about":[{"href":"https:\/\/hablemosclarotdf.com.ar\/index.php?rest_route=\/wp\/v2\/types\/post"}],"author":[{"embeddable":true,"href":"https:\/\/hablemosclarotdf.com.ar\/index.php?rest_route=\/wp\/v2\/users\/1"}],"replies":[{"embeddable":true,"href":"https:\/\/hablemosclarotdf.com.ar\/index.php?rest_route=%2Fwp%2Fv2%2Fcomments&post=83144"}],"version-history":[{"count":1,"href":"https:\/\/hablemosclarotdf.com.ar\/index.php?rest_route=\/wp\/v2\/posts\/83144\/revisions"}],"predecessor-version":[{"id":83146,"href":"https:\/\/hablemosclarotdf.com.ar\/index.php?rest_route=\/wp\/v2\/posts\/83144\/revisions\/83146"}],"wp:featuredmedia":[{"embeddable":true,"href":"https:\/\/hablemosclarotdf.com.ar\/index.php?rest_route=\/wp\/v2\/media\/83145"}],"wp:attachment":[{"href":"https:\/\/hablemosclarotdf.com.ar\/index.php?rest_route=%2Fwp%2Fv2%2Fmedia&parent=83144"}],"wp:term":[{"taxonomy":"category","embeddable":true,"href":"https:\/\/hablemosclarotdf.com.ar\/index.php?rest_route=%2Fwp%2Fv2%2Fcategories&post=83144"},{"taxonomy":"post_tag","embeddable":true,"href":"https:\/\/hablemosclarotdf.com.ar\/index.php?rest_route=%2Fwp%2Fv2%2Ftags&post=83144"}],"curies":[{"name":"wp","href":"https:\/\/api.w.org\/{rel}","templated":true}]}}