{"id":83138,"date":"2026-09-02T16:43:03","date_gmt":"2026-09-02T19:43:03","guid":{"rendered":"https:\/\/hablemosclarotdf.com.ar\/?p=83138"},"modified":"2026-09-02T16:43:03","modified_gmt":"2026-09-02T19:43:03","slug":"ushuaia-la-secretaria-de-politicas-ambientales-culturales-y-educativas-realizo-un-operativo-de-retiro-de-chatarra","status":"publish","type":"post","link":"https:\/\/hablemosclarotdf.com.ar\/?p=83138","title":{"rendered":"USHUAIA : LA SECRETAR\u00cdA DE POL\u00cdTICAS AMBIENTALES, CULTURALES Y EDUCATIVAS REALIZ\u00d3 UN OPERATIVO DE RETIRO DE CHATARRA"},"content":{"rendered":"<p>Personal municipal traslad\u00f3 18 unidades abandonadas al predio de disposici\u00f3n<\/p>\n<p>La Secretar\u00eda de Pol\u00edticas Ambientales, Culturales y Educativas de la Municipalidad de Ushuaia llev\u00f3 adelante un operativo de retiro de veh\u00edculos abandonados en la v\u00eda p\u00fablica en distintos sectores de la ciudad.<\/p>\n<p>La iniciativa, que es parte del trabajo articulado de la Secretar\u00eda de Pol\u00edticas Ambientales, Culturales y Educativas junto a la Secretar\u00eda de Planificaci\u00f3n, Obras y Servicios P\u00fablicos, realiz\u00f3 el retiro de 18 unidades abandonadas, que carecen de motor, patentes u otros componentes esenciales, para ser trasladados al predio ubicado junto al relleno sanitario.<\/p>\n<p>Dichas tareas, que son parte de un trabajo peri\u00f3dico que se realiza desde el \u00e1rea de Ambiente, recaba denuncias de vecinos y vecinas tanto a Atenci\u00f3n al Vecino como a la Secretar\u00eda de Pol\u00edticas Ambientales, Culturales y Educativas, as\u00ed como el relevamiento que realizan de forma diaria los inspectores e inspectoras.<\/p>\n<p>David Ferreyra, secretario de Pol\u00edticas Ambientales, Culturales y Educativas, explic\u00f3 que \u201cesto es parte de un trabajo continuado que realiza la Municipalidad para eliminar focos de contaminaci\u00f3n en los distintos barrios de la ciudad, recuperando as\u00ed los espacios p\u00fablicos y mejorando la imagen urbana\u201d.<\/p>\n<p><img loading=\"lazy\" decoding=\"async\" class=\"alignnone size-medium wp-image-83140\" src=\"https:\/\/hablemosclarotdf.com.ar\/wp-content\/uploads\/2026\/09\/photo_2026-09-02_16-40-46-300x169.jpg\" alt=\"\" width=\"300\" height=\"169\" srcset=\"https:\/\/hablemosclarotdf.com.ar\/wp-content\/uploads\/2026\/09\/photo_2026-09-02_16-40-46-300x169.jpg 300w, https:\/\/hablemosclarotdf.com.ar\/wp-content\/uploads\/2026\/09\/photo_2026-09-02_16-40-46-1024x576.jpg 1024w, https:\/\/hablemosclarotdf.com.ar\/wp-content\/uploads\/2026\/09\/photo_2026-09-02_16-40-46-768x432.jpg 768w, https:\/\/hablemosclarotdf.com.ar\/wp-content\/uploads\/2026\/09\/photo_2026-09-02_16-40-46.jpg 1280w\" sizes=\"auto, (max-width: 300px) 100vw, 300px\" \/> <img loading=\"lazy\" decoding=\"async\" class=\"alignnone size-medium wp-image-83141\" src=\"https:\/\/hablemosclarotdf.com.ar\/wp-content\/uploads\/2026\/09\/photo_2026-09-02_16-40-53-300x169.jpg\" alt=\"\" width=\"300\" height=\"169\" srcset=\"https:\/\/hablemosclarotdf.com.ar\/wp-content\/uploads\/2026\/09\/photo_2026-09-02_16-40-53-300x169.jpg 300w, https:\/\/hablemosclarotdf.com.ar\/wp-content\/uploads\/2026\/09\/photo_2026-09-02_16-40-53-1024x576.jpg 1024w, https:\/\/hablemosclarotdf.com.ar\/wp-content\/uploads\/2026\/09\/photo_2026-09-02_16-40-53-768x432.jpg 768w, https:\/\/hablemosclarotdf.com.ar\/wp-content\/uploads\/2026\/09\/photo_2026-09-02_16-40-53.jpg 1280w\" sizes=\"auto, (max-width: 300px) 100vw, 300px\" \/> <img loading=\"lazy\" decoding=\"async\" class=\"alignnone size-medium wp-image-83142\" src=\"https:\/\/hablemosclarotdf.com.ar\/wp-content\/uploads\/2026\/09\/photo_2026-09-02_16-40-58-300x169.jpg\" alt=\"\" width=\"300\" height=\"169\" srcset=\"https:\/\/hablemosclarotdf.com.ar\/wp-content\/uploads\/2026\/09\/photo_2026-09-02_16-40-58-300x169.jpg 300w, https:\/\/hablemosclarotdf.com.ar\/wp-content\/uploads\/2026\/09\/photo_2026-09-02_16-40-58-1024x576.jpg 1024w, https:\/\/hablemosclarotdf.com.ar\/wp-content\/uploads\/2026\/09\/photo_2026-09-02_16-40-58-768x432.jpg 768w, https:\/\/hablemosclarotdf.com.ar\/wp-content\/uploads\/2026\/09\/photo_2026-09-02_16-40-58.jpg 1280w\" sizes=\"auto, (max-width: 300px) 100vw, 300px\" \/><\/p>\n","protected":false},"excerpt":{"rendered":"<p>Personal municipal traslad\u00f3 18 unidades abandonadas al predio de disposici\u00f3n La Secretar\u00eda de Pol\u00edticas Ambientales,&#8230;<\/p>\n","protected":false},"author":1,"featured_media":83139,"comment_status":"closed","ping_status":"closed","sticky":false,"template":"","format":"standard","meta":{"footnotes":""},"categories":[3],"tags":[],"class_list":["post-83138","post","type-post","status-publish","format-standard","has-post-thumbnail","hentry","category-noticias"],"jetpack_featured_media_url":"https:\/\/hablemosclarotdf.com.ar\/wp-content\/uploads\/2026\/09\/photo_2026-09-02_16-40-41.jpg","_links":{"self":[{"href":"https:\/\/hablemosclarotdf.com.ar\/index.php?rest_route=\/wp\/v2\/posts\/83138","targetHints":{"allow":["GET"]}}],"collection":[{"href":"https:\/\/hablemosclarotdf.com.ar\/index.php?rest_route=\/wp\/v2\/posts"}],"about":[{"href":"https:\/\/hablemosclarotdf.com.ar\/index.php?rest_route=\/wp\/v2\/types\/post"}],"author":[{"embeddable":true,"href":"https:\/\/hablemosclarotdf.com.ar\/index.php?rest_route=\/wp\/v2\/users\/1"}],"replies":[{"embeddable":true,"href":"https:\/\/hablemosclarotdf.com.ar\/index.php?rest_route=%2Fwp%2Fv2%2Fcomments&post=83138"}],"version-history":[{"count":1,"href":"https:\/\/hablemosclarotdf.com.ar\/index.php?rest_route=\/wp\/v2\/posts\/83138\/revisions"}],"predecessor-version":[{"id":83143,"href":"https:\/\/hablemosclarotdf.com.ar\/index.php?rest_route=\/wp\/v2\/posts\/83138\/revisions\/83143"}],"wp:featuredmedia":[{"embeddable":true,"href":"https:\/\/hablemosclarotdf.com.ar\/index.php?rest_route=\/wp\/v2\/media\/83139"}],"wp:attachment":[{"href":"https:\/\/hablemosclarotdf.com.ar\/index.php?rest_route=%2Fwp%2Fv2%2Fmedia&parent=83138"}],"wp:term":[{"taxonomy":"category","embeddable":true,"href":"https:\/\/hablemosclarotdf.com.ar\/index.php?rest_route=%2Fwp%2Fv2%2Fcategories&post=83138"},{"taxonomy":"post_tag","embeddable":true,"href":"https:\/\/hablemosclarotdf.com.ar\/index.php?rest_route=%2Fwp%2Fv2%2Ftags&post=83138"}],"curies":[{"name":"wp","href":"https:\/\/api.w.org\/{rel}","templated":true}]}}