{"id":83132,"date":"2026-09-02T16:34:44","date_gmt":"2026-09-02T19:34:44","guid":{"rendered":"https:\/\/hablemosclarotdf.com.ar\/?p=83132"},"modified":"2026-09-02T16:34:44","modified_gmt":"2026-09-02T19:34:44","slug":"ushuaia-ferreyra-es-una-de-las-fiestas-mas-convocantes-que-tiene-la-ciudad","status":"publish","type":"post","link":"https:\/\/hablemosclarotdf.com.ar\/?p=83132","title":{"rendered":"USHUAIA : FERREYRA: \u201cES UNA DE LAS FIESTAS M\u00c1S CONVOCANTES QUE TIENE LA CIUDAD\u201d"},"content":{"rendered":"<p>La XXIV Fiesta de las Colectividades se prepara para dar inicio<\/p>\n<p>En una entrevista en Radio Provincia FM 99.9, el secretario de Pol\u00edticas Ambientales, Culturales y Educativas adelant\u00f3 detalles de lo que ser\u00e1 la XXIV Edici\u00f3n de la Fiesta de las Colectividades, que contar\u00e1 con actividades los d\u00edas jueves 3, viernes 4 y s\u00e1bado 5 de septiembre.<\/p>\n<p>El funcionario municipal destac\u00f3 que \u201ces la fiesta m\u00e1s convocante que tiene la ciudad\u201d, remarcando que \u201ccontaremos con 22 colectividades extranjeras en las actividades del fin de semana, algo que se organiza por Ordenanza Municipal junto con la Asociaci\u00f3n de Colectividades Extranjeras de Ushuaia\u201d. Las propuestas dar\u00e1n inicio el d\u00eda jueves 4 a las 20:30 horas en la Sala Nin\u00ed Marshall de la Casa de la Cultura Enriqueta Gastelumendi con la Noche de Danzas del Mundo, presentando espect\u00e1culos de danza con vestimentas t\u00edpicas. Ya los d\u00edas viernes 4 y s\u00e1bado 5 a partir de las 20:00 horas en el Microestadio Jos\u00e9 \u201cCochocho\u201d Vargas se realizar\u00e1 la tradicional fiesta, contando con los tradicionales stands de comidas regionales y diversos cuadros musicales y de danza.<\/p>\n<p>\u201cVamos a tener una agenda bastante cargada, con la Noche de Danzas el jueves y los d\u00edas viernes y s\u00e1bado el festejo m\u00e1s tradicional donde los vecinos y vecinas van a poder pasar una noche distinta donde se fusiona lo gastron\u00f3mico, lo cultural y lo art\u00edstico\u201d explic\u00f3 Ferreyra.<\/p>\n<p>En esa misma l\u00ednea el secretario de Pol\u00edticas Ambientales, Culturales y Educativas declar\u00f3 que \u201ceste tipo de festejos ayuda para que la gente pueda desconectar un rato de la realidad y disfrutar de un espect\u00e1culo muy lindo. La Fiesta de las Colectividades tiene por detr\u00e1s un hecho hist\u00f3rico, porque representan a un colectivo extranjero, donde los vecinos y vecinas hace muchos a\u00f1os creyeron que Ushuaia era una alternativa para forjar sus vidas, y hoy m\u00e1s all\u00e1 de la comida, danzas y trajes, celebramos a las y los migrantes que echaron ra\u00edces en nuestra ciudad y nos hacen la Ushuaia que somos\u201d.<\/p>\n","protected":false},"excerpt":{"rendered":"<p>La XXIV Fiesta de las Colectividades se prepara para dar inicio En una entrevista en&#8230;<\/p>\n","protected":false},"author":1,"featured_media":83133,"comment_status":"closed","ping_status":"closed","sticky":false,"template":"","format":"standard","meta":{"footnotes":""},"categories":[3],"tags":[],"class_list":["post-83132","post","type-post","status-publish","format-standard","has-post-thumbnail","hentry","category-noticias"],"jetpack_featured_media_url":"https:\/\/hablemosclarotdf.com.ar\/wp-content\/uploads\/2026\/09\/photo_2026-09-02_16-34-05.jpg","_links":{"self":[{"href":"https:\/\/hablemosclarotdf.com.ar\/index.php?rest_route=\/wp\/v2\/posts\/83132","targetHints":{"allow":["GET"]}}],"collection":[{"href":"https:\/\/hablemosclarotdf.com.ar\/index.php?rest_route=\/wp\/v2\/posts"}],"about":[{"href":"https:\/\/hablemosclarotdf.com.ar\/index.php?rest_route=\/wp\/v2\/types\/post"}],"author":[{"embeddable":true,"href":"https:\/\/hablemosclarotdf.com.ar\/index.php?rest_route=\/wp\/v2\/users\/1"}],"replies":[{"embeddable":true,"href":"https:\/\/hablemosclarotdf.com.ar\/index.php?rest_route=%2Fwp%2Fv2%2Fcomments&post=83132"}],"version-history":[{"count":1,"href":"https:\/\/hablemosclarotdf.com.ar\/index.php?rest_route=\/wp\/v2\/posts\/83132\/revisions"}],"predecessor-version":[{"id":83134,"href":"https:\/\/hablemosclarotdf.com.ar\/index.php?rest_route=\/wp\/v2\/posts\/83132\/revisions\/83134"}],"wp:featuredmedia":[{"embeddable":true,"href":"https:\/\/hablemosclarotdf.com.ar\/index.php?rest_route=\/wp\/v2\/media\/83133"}],"wp:attachment":[{"href":"https:\/\/hablemosclarotdf.com.ar\/index.php?rest_route=%2Fwp%2Fv2%2Fmedia&parent=83132"}],"wp:term":[{"taxonomy":"category","embeddable":true,"href":"https:\/\/hablemosclarotdf.com.ar\/index.php?rest_route=%2Fwp%2Fv2%2Fcategories&post=83132"},{"taxonomy":"post_tag","embeddable":true,"href":"https:\/\/hablemosclarotdf.com.ar\/index.php?rest_route=%2Fwp%2Fv2%2Ftags&post=83132"}],"curies":[{"name":"wp","href":"https:\/\/api.w.org\/{rel}","templated":true}]}}