{"id":83129,"date":"2026-09-02T16:31:07","date_gmt":"2026-09-02T19:31:07","guid":{"rendered":"https:\/\/hablemosclarotdf.com.ar\/?p=83129"},"modified":"2026-09-02T16:31:07","modified_gmt":"2026-09-02T19:31:07","slug":"rio-grande-el-municipio-invita-a-jovenes-de-la-ciudad-a-sumarse-al-fondo-juventud-y-accion-climatica-de-bloomberg-philanthropies","status":"publish","type":"post","link":"https:\/\/hablemosclarotdf.com.ar\/?p=83129","title":{"rendered":"RIO GRANDE : EL MUNICIPIO INVITA A J\u00d3VENES DE LA CIUDAD A SUMARSE AL FONDO JUVENTUD Y ACCI\u00d3N CLIM\u00c1TICA DE BLOOMBERG PHILANTHROPIES"},"content":{"rendered":"<p><i>La convocatoria est\u00e1 destinada a j\u00f3venes de entre 15 y 24 a\u00f1os, quienes podr\u00e1n presentar iniciativas orientadas a generar soluciones frente al cambio clim\u00e1tico. Los proyectos seleccionados acceder\u00e1n a microsubvenciones y asistencia t\u00e9cnica para llevar adelante sus propuestas. Las inscripciones ser\u00e1n abiertas hasta el 4 de septiembre a trav\u00e9s del siguiente link<\/i> <a href=\"http:\/\/bit.ly\/4wQjcme\"><i>bit.ly\/4wQjcme<\/i><\/a><i>.<\/i><\/p>\n<p>El Municipio de R\u00edo Grande a trav\u00e9s del Fondo Juventud y Acci\u00f3n Clim\u00e1tica de Bloomberg Philanthropies, recuerda que se encuentra abierta la convocatoria para que j\u00f3venes de la ciudad presenten proyectos innovadores destinados a abordar desaf\u00edos ambientales y generar soluciones concretas frente al cambio clim\u00e1tico.<\/p>\n<p>R\u00edo Grande es una de las 300 ciudades de cinco continentes seleccionadas para formar parte de esta iniciativa global, que busca fortalecer el protagonismo de las juventudes en el dise\u00f1o y ejecuci\u00f3n de acciones que contribuyan a construir comunidades m\u00e1s sostenibles.<\/p>\n<p>La propuesta est\u00e1 dirigida a j\u00f3venes de entre 15 y 24 a\u00f1os, quienes podr\u00e1n presentar iniciativas vinculadas con reciclaje y econom\u00eda circular; espacios verdes y huertas urbanas; movilidad sostenible; educaci\u00f3n ambiental; cuidado de los espacios p\u00fablicos y adaptaci\u00f3n al cambio clim\u00e1tico.<\/p>\n<p>Los proyectos que resulten seleccionados acceder\u00e1n a microsubvenciones otorgadas en el marco del Fondo, adem\u00e1s de asistencia t\u00e9cnica y acompa\u00f1amiento de personal capacitado para ayudar a los j\u00f3venes a liderar la ejecuci\u00f3n de sus planes desde principio a fin.<\/p>\n<p>Las propuestas podr\u00e1n presentarse hasta el 4 de septiembre, a trav\u00e9s del formulario disponible en <a href=\"http:\/\/bit.ly\/4wQjcme\">bit.ly\/4wQjcme<\/a>.<\/p>\n<p>Es de mencionar que, el Fondo Juventud y Acci\u00f3n Clim\u00e1tica de Bloomberg Philanthropies ya alcanz\u00f3 a m\u00e1s de 300.000 j\u00f3venes en cinco continentes, quienes trabajaron junto a sus gobiernos municipales en la implementaci\u00f3n de soluciones ambientales. Como resultado, se crearon m\u00e1s de 1.600 espacios verdes, se plantaron m\u00e1s de 1,8 millones de plantas y 235.000 \u00e1rboles, se desarrollaron cerca de 5.000 jardines, se inauguraron 268 estaciones de compostaje y se recolectaron m\u00e1s de 180.000 kilos de residuos y materiales reciclables.<\/p>\n<p>A trav\u00e9s de esta convocatoria, R\u00edo Grande se suma a una red global de ciudades que promueven la participaci\u00f3n juvenil y el desarrollo de soluciones innovadoras frente a los desaf\u00edos ambientales.<\/p>\n","protected":false},"excerpt":{"rendered":"<p>La convocatoria est\u00e1 destinada a j\u00f3venes de entre 15 y 24 a\u00f1os, quienes podr\u00e1n presentar&#8230;<\/p>\n","protected":false},"author":1,"featured_media":83130,"comment_status":"closed","ping_status":"closed","sticky":false,"template":"","format":"standard","meta":{"footnotes":""},"categories":[3],"tags":[],"class_list":["post-83129","post","type-post","status-publish","format-standard","has-post-thumbnail","hentry","category-noticias"],"jetpack_featured_media_url":"https:\/\/hablemosclarotdf.com.ar\/wp-content\/uploads\/2026\/09\/photo_2026-09-02_16-30-23.jpg","_links":{"self":[{"href":"https:\/\/hablemosclarotdf.com.ar\/index.php?rest_route=\/wp\/v2\/posts\/83129","targetHints":{"allow":["GET"]}}],"collection":[{"href":"https:\/\/hablemosclarotdf.com.ar\/index.php?rest_route=\/wp\/v2\/posts"}],"about":[{"href":"https:\/\/hablemosclarotdf.com.ar\/index.php?rest_route=\/wp\/v2\/types\/post"}],"author":[{"embeddable":true,"href":"https:\/\/hablemosclarotdf.com.ar\/index.php?rest_route=\/wp\/v2\/users\/1"}],"replies":[{"embeddable":true,"href":"https:\/\/hablemosclarotdf.com.ar\/index.php?rest_route=%2Fwp%2Fv2%2Fcomments&post=83129"}],"version-history":[{"count":1,"href":"https:\/\/hablemosclarotdf.com.ar\/index.php?rest_route=\/wp\/v2\/posts\/83129\/revisions"}],"predecessor-version":[{"id":83131,"href":"https:\/\/hablemosclarotdf.com.ar\/index.php?rest_route=\/wp\/v2\/posts\/83129\/revisions\/83131"}],"wp:featuredmedia":[{"embeddable":true,"href":"https:\/\/hablemosclarotdf.com.ar\/index.php?rest_route=\/wp\/v2\/media\/83130"}],"wp:attachment":[{"href":"https:\/\/hablemosclarotdf.com.ar\/index.php?rest_route=%2Fwp%2Fv2%2Fmedia&parent=83129"}],"wp:term":[{"taxonomy":"category","embeddable":true,"href":"https:\/\/hablemosclarotdf.com.ar\/index.php?rest_route=%2Fwp%2Fv2%2Fcategories&post=83129"},{"taxonomy":"post_tag","embeddable":true,"href":"https:\/\/hablemosclarotdf.com.ar\/index.php?rest_route=%2Fwp%2Fv2%2Ftags&post=83129"}],"curies":[{"name":"wp","href":"https:\/\/api.w.org\/{rel}","templated":true}]}}