{"id":83126,"date":"2026-09-02T16:28:39","date_gmt":"2026-09-02T19:28:39","guid":{"rendered":"https:\/\/hablemosclarotdf.com.ar\/?p=83126"},"modified":"2026-09-02T16:28:39","modified_gmt":"2026-09-02T19:28:39","slug":"el-gobierno-provincial-impulsa-acciones-para-fortalecer-los-derechos-de-la-comunidad-lgbtiq","status":"publish","type":"post","link":"https:\/\/hablemosclarotdf.com.ar\/?p=83126","title":{"rendered":"EL GOBIERNO PROVINCIAL IMPULSA ACCIONES PARA FORTALECER LOS DERECHOS DE LA COMUNIDAD LGBTIQ+"},"content":{"rendered":"<p>El Ministerio de Bienestar Ciudadano y Justicia, a trav\u00e9s de la Subsecretar\u00eda de G\u00e9nero y Diversidad Zona Norte y Centro, llevar\u00e1 adelante una nueva jornada de la Mesa de Trabajo \u201cIdentidades del Sur\u201d, con el objetivo de fortalecer acciones destinadas a la promoci\u00f3n y protecci\u00f3n de los derechos de las personas del colectivo LGBTIQ+.<\/p>\n<p>La actividad se desarrollar\u00e1 el s\u00e1bado 5 de septiembre, de 14 a 16 horas, en la Biblioteca Popular Infanto Juvenil de R\u00edo Grande, ubicada en Pioneros Fueguinos N\u00b0 880.<\/p>\n<p>En esta oportunidad, se realizar\u00e1 un taller a cargo de la Dra. Ver\u00f3nica Baroni, orientado a abordar aspectos vinculados al proceso de hormonizaci\u00f3n y al ejercicio de la sexualidad, promoviendo un espacio de intercambio, consulta y acceso a informaci\u00f3n.<\/p>\n<p>La propuesta est\u00e1 destinada a personas del colectivo LGBTIQ+ que hayan participado de la primera Mesa de Trabajo o que hayan sido acompa\u00f1adas por la Subsecretar\u00eda de G\u00e9nero y Diversidad Zona Norte y Centro, as\u00ed como a la comunidad LGBTIQ+ y a la comunidad en general.<\/p>\n<p>Desde el Gobierno de la Provincia se contin\u00faa fortaleciendo estos espacios de participaci\u00f3n y acompa\u00f1amiento, promoviendo acciones que contribuyan al acceso efectivo a derechos y a la construcci\u00f3n de pol\u00edticas p\u00fablicas desde una perspectiva de diversidad e inclusi\u00f3n<\/p>\n","protected":false},"excerpt":{"rendered":"<p>El Ministerio de Bienestar Ciudadano y Justicia, a trav\u00e9s de la Subsecretar\u00eda de G\u00e9nero y&#8230;<\/p>\n","protected":false},"author":1,"featured_media":83127,"comment_status":"closed","ping_status":"closed","sticky":false,"template":"","format":"standard","meta":{"footnotes":""},"categories":[3],"tags":[],"class_list":["post-83126","post","type-post","status-publish","format-standard","has-post-thumbnail","hentry","category-noticias"],"jetpack_featured_media_url":"https:\/\/hablemosclarotdf.com.ar\/wp-content\/uploads\/2026\/09\/photo_2026-09-02_16-27-54.jpg","_links":{"self":[{"href":"https:\/\/hablemosclarotdf.com.ar\/index.php?rest_route=\/wp\/v2\/posts\/83126","targetHints":{"allow":["GET"]}}],"collection":[{"href":"https:\/\/hablemosclarotdf.com.ar\/index.php?rest_route=\/wp\/v2\/posts"}],"about":[{"href":"https:\/\/hablemosclarotdf.com.ar\/index.php?rest_route=\/wp\/v2\/types\/post"}],"author":[{"embeddable":true,"href":"https:\/\/hablemosclarotdf.com.ar\/index.php?rest_route=\/wp\/v2\/users\/1"}],"replies":[{"embeddable":true,"href":"https:\/\/hablemosclarotdf.com.ar\/index.php?rest_route=%2Fwp%2Fv2%2Fcomments&post=83126"}],"version-history":[{"count":1,"href":"https:\/\/hablemosclarotdf.com.ar\/index.php?rest_route=\/wp\/v2\/posts\/83126\/revisions"}],"predecessor-version":[{"id":83128,"href":"https:\/\/hablemosclarotdf.com.ar\/index.php?rest_route=\/wp\/v2\/posts\/83126\/revisions\/83128"}],"wp:featuredmedia":[{"embeddable":true,"href":"https:\/\/hablemosclarotdf.com.ar\/index.php?rest_route=\/wp\/v2\/media\/83127"}],"wp:attachment":[{"href":"https:\/\/hablemosclarotdf.com.ar\/index.php?rest_route=%2Fwp%2Fv2%2Fmedia&parent=83126"}],"wp:term":[{"taxonomy":"category","embeddable":true,"href":"https:\/\/hablemosclarotdf.com.ar\/index.php?rest_route=%2Fwp%2Fv2%2Fcategories&post=83126"},{"taxonomy":"post_tag","embeddable":true,"href":"https:\/\/hablemosclarotdf.com.ar\/index.php?rest_route=%2Fwp%2Fv2%2Ftags&post=83126"}],"curies":[{"name":"wp","href":"https:\/\/api.w.org\/{rel}","templated":true}]}}