{"id":83123,"date":"2026-09-02T16:26:22","date_gmt":"2026-09-02T19:26:22","guid":{"rendered":"https:\/\/hablemosclarotdf.com.ar\/?p=83123"},"modified":"2026-09-02T16:26:22","modified_gmt":"2026-09-02T19:26:22","slug":"ushuaia-la-municipalidad-invita-a-participar-en-el-espacio-dame-la-mano-y-criemos-juntos-as","status":"publish","type":"post","link":"https:\/\/hablemosclarotdf.com.ar\/?p=83123","title":{"rendered":"USHUAIA : LA MUNICIPALIDAD INVITA A PARTICIPAR EN EL ESPACIO \u201cDAME LA MANO Y CRIEMOS JUNTOS\/AS\u201d"},"content":{"rendered":"<p>Secretar\u00eda de la Mujer y Desarrollo Humano<\/p>\n<p>La Municipalidad de Ushuaia, a trav\u00e9s de la Secretar\u00eda de la Mujer y Desarrollo Humano, invita a vecinos y vecinas referentes afectivos primerizos a participar en el espacio \u201cDame la mano y criemos juntos\/as\u201d, propuesta destinada a generar encuentros, compartir experiencias y fortalecer herramientas de acompa\u00f1amiento, a fin de transitar la crianza en compa\u00f1\u00eda.<br \/>\nEl pr\u00f3ximo encuentro se realizar\u00e1 el 11 de septiembre a las 15 en el SUM de la Casa de la Mujer, ubicado en Maip\u00fa 1120.<br \/>\nDesde la Secretar\u00eda se destac\u00f3 que en estas actividades se dialoga sobre las distintas formas de criar, se comparten saberes y se construyen colectivamente y redes de apoyo.<br \/>\nLa actividad es abierta, gratuita y no requiere inscripci\u00f3n previa.<\/p>\n","protected":false},"excerpt":{"rendered":"<p>Secretar\u00eda de la Mujer y Desarrollo Humano La Municipalidad de Ushuaia, a trav\u00e9s de la&#8230;<\/p>\n","protected":false},"author":1,"featured_media":83124,"comment_status":"closed","ping_status":"closed","sticky":false,"template":"","format":"standard","meta":{"footnotes":""},"categories":[3],"tags":[],"class_list":["post-83123","post","type-post","status-publish","format-standard","has-post-thumbnail","hentry","category-noticias"],"jetpack_featured_media_url":"https:\/\/hablemosclarotdf.com.ar\/wp-content\/uploads\/2026\/09\/photo_2026-09-02_16-25-50.jpg","_links":{"self":[{"href":"https:\/\/hablemosclarotdf.com.ar\/index.php?rest_route=\/wp\/v2\/posts\/83123","targetHints":{"allow":["GET"]}}],"collection":[{"href":"https:\/\/hablemosclarotdf.com.ar\/index.php?rest_route=\/wp\/v2\/posts"}],"about":[{"href":"https:\/\/hablemosclarotdf.com.ar\/index.php?rest_route=\/wp\/v2\/types\/post"}],"author":[{"embeddable":true,"href":"https:\/\/hablemosclarotdf.com.ar\/index.php?rest_route=\/wp\/v2\/users\/1"}],"replies":[{"embeddable":true,"href":"https:\/\/hablemosclarotdf.com.ar\/index.php?rest_route=%2Fwp%2Fv2%2Fcomments&post=83123"}],"version-history":[{"count":1,"href":"https:\/\/hablemosclarotdf.com.ar\/index.php?rest_route=\/wp\/v2\/posts\/83123\/revisions"}],"predecessor-version":[{"id":83125,"href":"https:\/\/hablemosclarotdf.com.ar\/index.php?rest_route=\/wp\/v2\/posts\/83123\/revisions\/83125"}],"wp:featuredmedia":[{"embeddable":true,"href":"https:\/\/hablemosclarotdf.com.ar\/index.php?rest_route=\/wp\/v2\/media\/83124"}],"wp:attachment":[{"href":"https:\/\/hablemosclarotdf.com.ar\/index.php?rest_route=%2Fwp%2Fv2%2Fmedia&parent=83123"}],"wp:term":[{"taxonomy":"category","embeddable":true,"href":"https:\/\/hablemosclarotdf.com.ar\/index.php?rest_route=%2Fwp%2Fv2%2Fcategories&post=83123"},{"taxonomy":"post_tag","embeddable":true,"href":"https:\/\/hablemosclarotdf.com.ar\/index.php?rest_route=%2Fwp%2Fv2%2Ftags&post=83123"}],"curies":[{"name":"wp","href":"https:\/\/api.w.org\/{rel}","templated":true}]}}