{"id":83112,"date":"2026-09-02T12:19:09","date_gmt":"2026-09-02T15:19:09","guid":{"rendered":"https:\/\/hablemosclarotdf.com.ar\/?p=83112"},"modified":"2026-09-02T12:19:09","modified_gmt":"2026-09-02T15:19:09","slug":"la-provincia-suma-cinco-nuevos-medicos-al-sistema-de-salud-y-celebra-la-primera-promocion-de-la-risamc","status":"publish","type":"post","link":"https:\/\/hablemosclarotdf.com.ar\/?p=83112","title":{"rendered":"LA PROVINCIA SUMA CINCO NUEVOS M\u00c9DICOS AL SISTEMA DE SALUD Y CELEBRA LA PRIMERA PROMOCI\u00d3N DE LA RISAMC"},"content":{"rendered":"<p>El Sistema Provincial de Residencias en Salud cuenta con cinco nuevos m\u00e9dicos que completaron su formaci\u00f3n y se incorporan al sistema p\u00fablico provincial, junto con las dos primeras egresadas de la Residencia Interdisciplinaria en Salud Mental Comunitaria (RISAMC), creada en R\u00edo Grande hace tres a\u00f1os por el Gobierno de la Provincia.<\/p>\n<p>El acto de graduaci\u00f3n se realiz\u00f3 en el Sal\u00f3n del IPRA de R\u00edo Grande y fue presidido por la ministra de Salud, Judit Di Giglio.<\/p>\n<p>La primera cohorte de la RISAMC representa un paso significativo para el desarrollo de la atenci\u00f3n en salud mental en la provincia, ya que incorpora profesionales con una formaci\u00f3n espec\u00edfica que, adem\u00e1s de su disciplina de base, contempla el trabajo interdisciplinario, las pr\u00e1cticas comunitarias y las rotaciones por distintos dispositivos del sistema sanitario provincial.<\/p>\n<p>La directora del Centro de Abordaje de Salud Mental de R\u00edo Grande, Marta Bola\u00f1o, destac\u00f3 el car\u00e1cter hist\u00f3rico de la jornada. \u201cEs la primera vez que dos psic\u00f3logas obtienen la especialidad en salud mental bajo el r\u00e9gimen de residencia\u201d, resalt\u00f3 la profesional e instructora de la RISAMC.<\/p>\n<p>\u201cFue un gran esfuerzo que hizo el Gobierno, el Ministerio de Salud para que esta residencia se sostenga en el tiempo y los profesionales queden en esta ciudad y esta provincia. Estamos muy orgullosos de todo eso\u201d, afirm\u00f3 Bola\u00f1o.<\/p>\n<p>Por su parte, el secretario de Salud Mental y Problem\u00e1ticas de Consumo, David De Piero, consider\u00f3 el egreso de la primera cohorte como \u201cun gran logro\u201d para el sistema sanitario y para la comunidad.<\/p>\n<p>El funcionario destac\u00f3 adem\u00e1s que las nuevas especialistas cuentan con una formaci\u00f3n que ampl\u00eda su disciplina de origen y les permite abordar las problem\u00e1ticas de salud mental desde una perspectiva interdisciplinaria.<\/p>\n<p>\u201cEn este caso son dos psic\u00f3logas formadas en diferentes disciplinas para hacer un abordaje interdisciplinario m\u00e1s exhaustivo y m\u00e1s integral\u201d, se\u00f1al\u00f3 De Piero, quien vincul\u00f3 la incorporaci\u00f3n de estos profesionales con el actual escenario de creciente demanda de atenci\u00f3n en salud mental.<\/p>\n<p>\u201cLa salud mental se encuentra con una alta demanda de consultas, no solo en cantidad sino en la complejidad en que se presentan los cuadros de padecimiento mental. Estamos muy contentos, agradecidos a las graduadas y esperando contar con ellas dentro del sistema de salud\u201d, sostuvo.<\/p>\n<p>Por su parte, el director de Residencias M\u00e9dicas del Ministerio de Salud, Alejandro Liao, explic\u00f3 que durante la ceremonia tambi\u00e9n se entregaron los certificados correspondientes a cinco egresados m\u00e9dicos del Sistema Provincial de Residencias.<\/p>\n<p>\u201cEgresan cinco profesionales de la residencia de la provincia de Tierra del Fuego. Tres son de R\u00edo Grande y dos de Ushuaia\u201d, detall\u00f3.<\/p>\n<p>Entre ellos se encuentran tres m\u00e9dicas formadas en Medicina General, una en R\u00edo Grande y dos en Ushuaia, adem\u00e1s de las dos profesionales que integran la primera cohorte de la RISAMC. Todos los profesionales continuar\u00e1n su actividad laboral en el \u00e1mbito de la salud p\u00fablica provincial.<\/p>\n","protected":false},"excerpt":{"rendered":"<p>El Sistema Provincial de Residencias en Salud cuenta con cinco nuevos m\u00e9dicos que completaron su&#8230;<\/p>\n","protected":false},"author":1,"featured_media":83113,"comment_status":"closed","ping_status":"closed","sticky":false,"template":"","format":"standard","meta":{"footnotes":""},"categories":[3],"tags":[],"class_list":["post-83112","post","type-post","status-publish","format-standard","has-post-thumbnail","hentry","category-noticias"],"jetpack_featured_media_url":"https:\/\/hablemosclarotdf.com.ar\/wp-content\/uploads\/2026\/09\/photo_2026-09-02_12-18-48.jpg","_links":{"self":[{"href":"https:\/\/hablemosclarotdf.com.ar\/index.php?rest_route=\/wp\/v2\/posts\/83112","targetHints":{"allow":["GET"]}}],"collection":[{"href":"https:\/\/hablemosclarotdf.com.ar\/index.php?rest_route=\/wp\/v2\/posts"}],"about":[{"href":"https:\/\/hablemosclarotdf.com.ar\/index.php?rest_route=\/wp\/v2\/types\/post"}],"author":[{"embeddable":true,"href":"https:\/\/hablemosclarotdf.com.ar\/index.php?rest_route=\/wp\/v2\/users\/1"}],"replies":[{"embeddable":true,"href":"https:\/\/hablemosclarotdf.com.ar\/index.php?rest_route=%2Fwp%2Fv2%2Fcomments&post=83112"}],"version-history":[{"count":1,"href":"https:\/\/hablemosclarotdf.com.ar\/index.php?rest_route=\/wp\/v2\/posts\/83112\/revisions"}],"predecessor-version":[{"id":83114,"href":"https:\/\/hablemosclarotdf.com.ar\/index.php?rest_route=\/wp\/v2\/posts\/83112\/revisions\/83114"}],"wp:featuredmedia":[{"embeddable":true,"href":"https:\/\/hablemosclarotdf.com.ar\/index.php?rest_route=\/wp\/v2\/media\/83113"}],"wp:attachment":[{"href":"https:\/\/hablemosclarotdf.com.ar\/index.php?rest_route=%2Fwp%2Fv2%2Fmedia&parent=83112"}],"wp:term":[{"taxonomy":"category","embeddable":true,"href":"https:\/\/hablemosclarotdf.com.ar\/index.php?rest_route=%2Fwp%2Fv2%2Fcategories&post=83112"},{"taxonomy":"post_tag","embeddable":true,"href":"https:\/\/hablemosclarotdf.com.ar\/index.php?rest_route=%2Fwp%2Fv2%2Ftags&post=83112"}],"curies":[{"name":"wp","href":"https:\/\/api.w.org\/{rel}","templated":true}]}}